{"id":74269,"date":"2026-01-16T11:37:32","date_gmt":"2026-01-16T17:37:32","guid":{"rendered":"https:\/\/encuentroinformativo.com.mx\/?p=74269"},"modified":"2026-01-16T11:37:32","modified_gmt":"2026-01-16T17:37:32","slug":"acusan-retraso-de-pagos-en-el-hospital-civil","status":"publish","type":"post","link":"https:\/\/encuentroinformativo.com.mx\/?p=74269","title":{"rendered":"Acusan retraso de pagos en el Hospital Civil"},"content":{"rendered":"<p><strong>Dar\u00edo Pale<\/strong><\/p>\n<p>Xalapa, Ver.- Trabajadores adscritos a la Secci\u00f3n 26 Centro del CENSA se manifestaron este jueves en el Hospital Doctor Luis F. Nach\u00f3n para exigir el pago de una quincena que, aseguran, permanece detenida por la falta de liberaci\u00f3n de un recurso federal.<\/p>\n<p>Pablo Rodr\u00edguez Torres, representante de la Secci\u00f3n 26 Centro en dicho nosocomio, inform\u00f3 que el adeudo afecta a m\u00e1s de 2 mil 150 trabajadores en el estado de Veracruz, quienes no han recibido el pago correspondiente a la quincena que debi\u00f3 depositarse el pasado 15 de enero.<\/p>\n<p>\u201cHay un recurso federal que est\u00e1 detenido y que no se ha pagado a un grupo de compa\u00f1eros aqu\u00ed en Veracruz. A nivel de la Secci\u00f3n 26 Centro somos m\u00e1s de 2 mil 150 trabajadores pendientes de la quincena\u201d, explic\u00f3.<\/p>\n<p>Ante esta situaci\u00f3n, los manifestantes solicitaron nuevamente la intervenci\u00f3n de la gobernadora del estado para que se agilicen las gestiones y se concrete el pago a la brevedad posible, ya que el retraso afecta directamente la econom\u00eda de las familias de los trabajadores de la salud.<\/p>\n<p>Rodr\u00edguez Torres aclar\u00f3 que el bono navide\u00f1o ya fue cubierto casi en su totalidad, sin embargo, el problema persiste \u00fanicamente con el pago quincenal. Se\u00f1al\u00f3 que, de acuerdo con lo informado por el secretario general del sindicato, Antonio Ortiz Fern\u00e1ndez, tanto el gobierno estatal como la Secretar\u00eda de Salud tienen conocimiento del adeudo, pero hasta el momento no se ha dado una respuesta concreta.<\/p>\n<p>\u201cYa estamos a 16 de enero y no hay pago de la quincena. No nos han dado ning\u00fan plazo. La quincena se tiene que pagar el 15 de cada mes y no hay, por eso estamos solicitando el pronto pago\u201d, concluy\u00f3.<\/p>\n<p>Los trabajadores advirtieron que continuar\u00e1n con sus manifestaciones hasta obtener una soluci\u00f3n favorable y el cumplimiento de sus derechos laborales.<\/p>\n","protected":false},"excerpt":{"rendered":"<p>Dar\u00edo Pale Xalapa, Ver.- Trabajadores adscritos a la Secci\u00f3n 26 Centro del CENSA se manifestaron este jueves en el Hospital Doctor Luis F. Nach\u00f3n para exigir el pago de una quincena que, aseguran, permanece detenida por la falta de liberaci\u00f3n de un recurso federal. Pablo Rodr\u00edguez Torres, representante de la Secci\u00f3n 26 Centro en dicho [&hellip;]<\/p>\n","protected":false},"author":2476,"featured_media":74270,"comment_status":"open","ping_status":"open","sticky":false,"template":"","format":"standard","meta":{"_jetpack_memberships_contains_paid_content":false,"footnotes":""},"categories":[9],"tags":[],"class_list":["post-74269","post","type-post","status-publish","format-standard","has-post-thumbnail","hentry","category-salud"],"jetpack_featured_media_url":"https:\/\/encuentroinformativo.com.mx\/wp-content\/uploads\/2026\/01\/IMG-20260116-WA0097.jpg","jetpack_sharing_enabled":true,"jetpack_likes_enabled":true,"amp_enabled":true,"_links":{"self":[{"href":"https:\/\/encuentroinformativo.com.mx\/index.php?rest_route=\/wp\/v2\/posts\/74269","targetHints":{"allow":["GET"]}}],"collection":[{"href":"https:\/\/encuentroinformativo.com.mx\/index.php?rest_route=\/wp\/v2\/posts"}],"about":[{"href":"https:\/\/encuentroinformativo.com.mx\/index.php?rest_route=\/wp\/v2\/types\/post"}],"author":[{"embeddable":true,"href":"https:\/\/encuentroinformativo.com.mx\/index.php?rest_route=\/wp\/v2\/users\/2476"}],"replies":[{"embeddable":true,"href":"https:\/\/encuentroinformativo.com.mx\/index.php?rest_route=%2Fwp%2Fv2%2Fcomments&post=74269"}],"version-history":[{"count":1,"href":"https:\/\/encuentroinformativo.com.mx\/index.php?rest_route=\/wp\/v2\/posts\/74269\/revisions"}],"predecessor-version":[{"id":74271,"href":"https:\/\/encuentroinformativo.com.mx\/index.php?rest_route=\/wp\/v2\/posts\/74269\/revisions\/74271"}],"wp:featuredmedia":[{"embeddable":true,"href":"https:\/\/encuentroinformativo.com.mx\/index.php?rest_route=\/wp\/v2\/media\/74270"}],"wp:attachment":[{"href":"https:\/\/encuentroinformativo.com.mx\/index.php?rest_route=%2Fwp%2Fv2%2Fmedia&parent=74269"}],"wp:term":[{"taxonomy":"category","embeddable":true,"href":"https:\/\/encuentroinformativo.com.mx\/index.php?rest_route=%2Fwp%2Fv2%2Fcategories&post=74269"},{"taxonomy":"post_tag","embeddable":true,"href":"https:\/\/encuentroinformativo.com.mx\/index.php?rest_route=%2Fwp%2Fv2%2Ftags&post=74269"}],"curies":[{"name":"wp","href":"https:\/\/api.w.org\/{rel}","templated":true}]}}