{"id":74286,"date":"2026-01-16T12:47:11","date_gmt":"2026-01-16T18:47:11","guid":{"rendered":"https:\/\/encuentroinformativo.com.mx\/?p=74286"},"modified":"2026-01-16T12:47:11","modified_gmt":"2026-01-16T18:47:11","slug":"uv-recibiria-por-primera-ocasion-4-del-presupuesto-senala-naveda","status":"publish","type":"post","link":"https:\/\/encuentroinformativo.com.mx\/?p=74286","title":{"rendered":"UV recibir\u00eda por primera ocasi\u00f3n 4% del presupuesto, se\u00f1ala Naveda"},"content":{"rendered":"<p><strong>Dar\u00edo Pale<\/strong><\/p>\n<p>Xalapa, Ver.- El diputado federal Adri\u00e1n Gonz\u00e1lez Naveda destac\u00f3 que, por primera vez, la Universidad Veracruzana (UV) contar\u00e1 con el presupuesto que establece la ley, equivalente al 4 por ciento del presupuesto estatal total, lo que calific\u00f3 como un hecho hist\u00f3rico para la instituci\u00f3n y la comunidad universitaria.<\/p>\n<p>El legislador subray\u00f3 que este logro forma parte del llamado segundo piso de la Cuarta Transformaci\u00f3n y reconoci\u00f3 la gesti\u00f3n de la gobernadora Roc\u00edo Nahle Garc\u00eda, al se\u00f1alar que con esta decisi\u00f3n se atiende una demanda a\u00f1eja de la Universidad Veracruzana, consistente en el cumplimiento del precepto legal que garantiza dicho porcentaje del presupuesto estatal.<\/p>\n<p>Detall\u00f3 que para este a\u00f1o la Universidad Veracruzana ejercer\u00e1 un presupuesto de 7 mil 150 millones de pesos, lo que permitir\u00e1 fortalecer sus programas acad\u00e9micos, de investigaci\u00f3n y de vinculaci\u00f3n, as\u00ed como avanzar en los proyectos contemplados para el presente ejercicio fiscal.<\/p>\n<p>Gonz\u00e1lez Naveda tambi\u00e9n consider\u00f3 que esta asignaci\u00f3n presupuestal es un aval al trabajo que se realiza al interior de la m\u00e1xima casa de estudios del estado, bajo la rector\u00eda del doctor Mart\u00edn Aguilar S\u00e1nchez, y afirm\u00f3 que existe confianza en el manejo responsable de los recursos.<\/p>\n<p>Finalmente, el diputado federal reiter\u00f3 que con este respaldo financiero se generan condiciones para que la Universidad Veracruzana contin\u00fae su desarrollo y crecimiento, al tiempo que se reconoce que el actual gobierno estatal est\u00e1 cumpliendo con la instituci\u00f3n y con la comunidad universitaria.<\/p>\n","protected":false},"excerpt":{"rendered":"<p>Dar\u00edo Pale Xalapa, Ver.- El diputado federal Adri\u00e1n Gonz\u00e1lez Naveda destac\u00f3 que, por primera vez, la Universidad Veracruzana (UV) contar\u00e1 con el presupuesto que establece la ley, equivalente al 4 por ciento del presupuesto estatal total, lo que calific\u00f3 como un hecho hist\u00f3rico para la instituci\u00f3n y la comunidad universitaria. El legislador subray\u00f3 que este [&hellip;]<\/p>\n","protected":false},"author":2476,"featured_media":74287,"comment_status":"open","ping_status":"open","sticky":false,"template":"","format":"standard","meta":{"_jetpack_memberships_contains_paid_content":false,"footnotes":""},"categories":[2],"tags":[],"class_list":["post-74286","post","type-post","status-publish","format-standard","has-post-thumbnail","hentry","category-estado"],"jetpack_featured_media_url":"https:\/\/encuentroinformativo.com.mx\/wp-content\/uploads\/2026\/01\/IMG-20260116-WA0252.jpg","jetpack_sharing_enabled":true,"jetpack_likes_enabled":true,"amp_enabled":true,"_links":{"self":[{"href":"https:\/\/encuentroinformativo.com.mx\/index.php?rest_route=\/wp\/v2\/posts\/74286","targetHints":{"allow":["GET"]}}],"collection":[{"href":"https:\/\/encuentroinformativo.com.mx\/index.php?rest_route=\/wp\/v2\/posts"}],"about":[{"href":"https:\/\/encuentroinformativo.com.mx\/index.php?rest_route=\/wp\/v2\/types\/post"}],"author":[{"embeddable":true,"href":"https:\/\/encuentroinformativo.com.mx\/index.php?rest_route=\/wp\/v2\/users\/2476"}],"replies":[{"embeddable":true,"href":"https:\/\/encuentroinformativo.com.mx\/index.php?rest_route=%2Fwp%2Fv2%2Fcomments&post=74286"}],"version-history":[{"count":1,"href":"https:\/\/encuentroinformativo.com.mx\/index.php?rest_route=\/wp\/v2\/posts\/74286\/revisions"}],"predecessor-version":[{"id":74288,"href":"https:\/\/encuentroinformativo.com.mx\/index.php?rest_route=\/wp\/v2\/posts\/74286\/revisions\/74288"}],"wp:featuredmedia":[{"embeddable":true,"href":"https:\/\/encuentroinformativo.com.mx\/index.php?rest_route=\/wp\/v2\/media\/74287"}],"wp:attachment":[{"href":"https:\/\/encuentroinformativo.com.mx\/index.php?rest_route=%2Fwp%2Fv2%2Fmedia&parent=74286"}],"wp:term":[{"taxonomy":"category","embeddable":true,"href":"https:\/\/encuentroinformativo.com.mx\/index.php?rest_route=%2Fwp%2Fv2%2Fcategories&post=74286"},{"taxonomy":"post_tag","embeddable":true,"href":"https:\/\/encuentroinformativo.com.mx\/index.php?rest_route=%2Fwp%2Fv2%2Ftags&post=74286"}],"curies":[{"name":"wp","href":"https:\/\/api.w.org\/{rel}","templated":true}]}}