{"id":74295,"date":"2026-01-16T14:58:26","date_gmt":"2026-01-16T20:58:26","guid":{"rendered":"https:\/\/encuentroinformativo.com.mx\/?p=74295"},"modified":"2026-01-16T14:58:26","modified_gmt":"2026-01-16T20:58:26","slug":"gobernadora-supervisa-unidades-quetzalli-que-renovaran-el-transporte-publico-en-coatzacoalcos","status":"publish","type":"post","link":"https:\/\/encuentroinformativo.com.mx\/?p=74295","title":{"rendered":"Gobernadora supervisa unidades Quetzalli que renovar\u00e1n el transporte p\u00fablico en Coatzacoalcos"},"content":{"rendered":"<p><strong>* Estim\u00f3 que, en aproximadamente un mes, inicien operaciones.<\/strong><\/p>\n<p>Coatzacoalcos, Ver.- La gobernadora Roc\u00edo Nahle Garc\u00eda, acudi\u00f3 al Centro de Convenciones de Coatzacoalcos, y acompa\u00f1ada del alcalde Pedro Miguel Rosaldo Garc\u00eda, supervis\u00f3 la primera entrega de unidades h\u00edbridas Quetzalli, que se integrar\u00e1n de manera gradual al proyecto estatal de modernizaci\u00f3n del transporte p\u00fablico.<\/p>\n<p>Como parte del compromiso de garantizar una movilidad urbana segura y eficiente, anunci\u00f3 que en breve se emitir\u00e1 la convocatoria para conductores, dirigida a mujeres y hombres, con prioridad para quienes ya se encuentran en servicio y cumplan con los requisitos m\u00e9dicos y t\u00e9cnicos establecidos.<\/p>\n<p>La capacitaci\u00f3n especializada de las y los operadores estar\u00e1 a cargo de la empresa responsable, bajo estrictos lineamientos de calidad y seguridad, lo que permitir\u00e1 fortalecer el servicio y generar nuevas oportunidades laborales en la regi\u00f3n, sin afectar las fuentes de empleo existentes.<\/p>\n<p>La Mandataria explic\u00f3 que el proyecto se desarrollar\u00e1 mediante el Fideicomiso p\u00fablico, irrevocable, de administraci\u00f3n, inversi\u00f3n y pagos, dise\u00f1ado para garantizar la correcta operaci\u00f3n y modernizaci\u00f3n del sistema de transporte p\u00fablico de pasajeros, con base en la experiencia exitosa del Sistema de Movilidad Ul\u00faa, implementado en la conurbaci\u00f3n Veracruz &#8211; Boca del R\u00edo.<\/p>\n<p>Finalmente, adelant\u00f3 que se prev\u00e9 poner en operaci\u00f3n las nuevas unidades en aproximadamente un mes, una vez concluidos los procesos de capacitaci\u00f3n y los tr\u00e1mites administrativos correspondientes.<\/p>\n<p><img loading=\"lazy\" decoding=\"async\" class=\"aligncenter size-medium wp-image-74297\" src=\"https:\/\/encuentroinformativo.com.mx\/wp-content\/uploads\/2026\/01\/IMG-20260116-WA0331-300x169.jpg\" alt=\"\" width=\"300\" height=\"169\" srcset=\"https:\/\/encuentroinformativo.com.mx\/wp-content\/uploads\/2026\/01\/IMG-20260116-WA0331-300x169.jpg 300w, https:\/\/encuentroinformativo.com.mx\/wp-content\/uploads\/2026\/01\/IMG-20260116-WA0331-1024x576.jpg 1024w, https:\/\/encuentroinformativo.com.mx\/wp-content\/uploads\/2026\/01\/IMG-20260116-WA0331-768x432.jpg 768w, https:\/\/encuentroinformativo.com.mx\/wp-content\/uploads\/2026\/01\/IMG-20260116-WA0331-1536x864.jpg 1536w, https:\/\/encuentroinformativo.com.mx\/wp-content\/uploads\/2026\/01\/IMG-20260116-WA0331-2048x1152.jpg 2048w\" sizes=\"auto, (max-width: 300px) 100vw, 300px\" \/><\/p>\n","protected":false},"excerpt":{"rendered":"<p>* Estim\u00f3 que, en aproximadamente un mes, inicien operaciones. Coatzacoalcos, Ver.- La gobernadora Roc\u00edo Nahle Garc\u00eda, acudi\u00f3 al Centro de Convenciones de Coatzacoalcos, y acompa\u00f1ada del alcalde Pedro Miguel Rosaldo Garc\u00eda, supervis\u00f3 la primera entrega de unidades h\u00edbridas Quetzalli, que se integrar\u00e1n de manera gradual al proyecto estatal de modernizaci\u00f3n del transporte p\u00fablico. Como parte [&hellip;]<\/p>\n","protected":false},"author":2476,"featured_media":74296,"comment_status":"open","ping_status":"open","sticky":false,"template":"","format":"standard","meta":{"_jetpack_memberships_contains_paid_content":false,"footnotes":""},"categories":[2],"tags":[],"class_list":["post-74295","post","type-post","status-publish","format-standard","has-post-thumbnail","hentry","category-estado"],"jetpack_featured_media_url":"https:\/\/encuentroinformativo.com.mx\/wp-content\/uploads\/2026\/01\/IMG-20260116-WA0310-scaled.jpg","jetpack_sharing_enabled":true,"jetpack_likes_enabled":true,"amp_enabled":true,"_links":{"self":[{"href":"https:\/\/encuentroinformativo.com.mx\/index.php?rest_route=\/wp\/v2\/posts\/74295","targetHints":{"allow":["GET"]}}],"collection":[{"href":"https:\/\/encuentroinformativo.com.mx\/index.php?rest_route=\/wp\/v2\/posts"}],"about":[{"href":"https:\/\/encuentroinformativo.com.mx\/index.php?rest_route=\/wp\/v2\/types\/post"}],"author":[{"embeddable":true,"href":"https:\/\/encuentroinformativo.com.mx\/index.php?rest_route=\/wp\/v2\/users\/2476"}],"replies":[{"embeddable":true,"href":"https:\/\/encuentroinformativo.com.mx\/index.php?rest_route=%2Fwp%2Fv2%2Fcomments&post=74295"}],"version-history":[{"count":1,"href":"https:\/\/encuentroinformativo.com.mx\/index.php?rest_route=\/wp\/v2\/posts\/74295\/revisions"}],"predecessor-version":[{"id":74298,"href":"https:\/\/encuentroinformativo.com.mx\/index.php?rest_route=\/wp\/v2\/posts\/74295\/revisions\/74298"}],"wp:featuredmedia":[{"embeddable":true,"href":"https:\/\/encuentroinformativo.com.mx\/index.php?rest_route=\/wp\/v2\/media\/74296"}],"wp:attachment":[{"href":"https:\/\/encuentroinformativo.com.mx\/index.php?rest_route=%2Fwp%2Fv2%2Fmedia&parent=74295"}],"wp:term":[{"taxonomy":"category","embeddable":true,"href":"https:\/\/encuentroinformativo.com.mx\/index.php?rest_route=%2Fwp%2Fv2%2Fcategories&post=74295"},{"taxonomy":"post_tag","embeddable":true,"href":"https:\/\/encuentroinformativo.com.mx\/index.php?rest_route=%2Fwp%2Fv2%2Ftags&post=74295"}],"curies":[{"name":"wp","href":"https:\/\/api.w.org\/{rel}","templated":true}]}}