{"id":74305,"date":"2026-01-17T23:29:26","date_gmt":"2026-01-18T05:29:26","guid":{"rendered":"https:\/\/encuentroinformativo.com.mx\/?p=74305"},"modified":"2026-01-17T23:29:26","modified_gmt":"2026-01-18T05:29:26","slug":"preside-monica-madrigal-comision-de-igualdad-de-genero","status":"publish","type":"post","link":"https:\/\/encuentroinformativo.com.mx\/?p=74305","title":{"rendered":"Preside M\u00f3nica Madrigal Comisi\u00f3n de Igualdad de G\u00e9nero"},"content":{"rendered":"<p><strong>Dar\u00edo Pale<\/strong><\/p>\n<p>Xalapa, Ver.- Con el objetivo de fortalecer las pol\u00edticas p\u00fablicas en favor de las mujeres, se instal\u00f3 formalmente la Comisi\u00f3n de Igualdad de G\u00e9nero del Cabildo de Xalapa para el periodo 2026\u20132029, la cual ser\u00e1 presidida por la regidora d\u00e9cima, M\u00f3nica Mendoza Madrigal, y estar\u00e1 integrada tambi\u00e9n por la regidora tercera, Susan Liliana Morales Segura.<\/p>\n<p>Durante la sesi\u00f3n de instalaci\u00f3n, realizada en coordinaci\u00f3n con el Instituto Municipal de las Mujeres de Xalapa (IMMX), a cargo de Fernanda Medina Mariscal, se defini\u00f3 una agenda de trabajo transversal con \u00e9nfasis en la atenci\u00f3n directa en territorio y el fortalecimiento institucional, como parte de las acciones prioritarias del gobierno municipal encabezado por la alcaldesa Daniela Griego Ceballos.<\/p>\n<p>Las integrantes de la Comisi\u00f3n destacaron que se dar\u00e1 continuidad a los programas de atenci\u00f3n, acompa\u00f1amiento y prevenci\u00f3n dirigidos a las mujeres xalape\u00f1as, con el prop\u00f3sito de garantizar el acceso efectivo a sus derechos y una atenci\u00f3n integral desde el \u00e1mbito municipal.<\/p>\n<p>Asimismo, como parte del proceso de transici\u00f3n administrativa, se instal\u00f3 una Comisi\u00f3n Especial encargada de revisar el expediente de entrega-recepci\u00f3n del IMMX, a fin de asegurar la transparencia, la rendici\u00f3n de cuentas y una adecuada gobernanza del organismo.<\/p>\n<p>En materia de trabajo territorial, se inform\u00f3 que desde los primeros d\u00edas de la actual administraci\u00f3n se puso en marcha el programa \u201cBrigada en tu Colonia\u201d, mediante el cual se acercan servicios de atenci\u00f3n psicol\u00f3gica y jur\u00eddica a diversas colonias del municipio, brindando apoyo oportuno a mujeres en situaci\u00f3n de vulnerabilidad y contribuyendo al fortalecimiento del tejido social.<\/p>\n<p>De manera paralela, se priorizar\u00e1 el respaldo a redes comunitarias y colectivos organizados, como la red \u201cFlorecitas Solidarias\u201d, que promueven espacios de contenci\u00f3n emocional y de intervenci\u00f3n comunitaria en distintas zonas de la ciudad.<\/p>\n<p>En cuanto a la prevenci\u00f3n y atenci\u00f3n de la violencia de g\u00e9nero, se reforzar\u00e1 la difusi\u00f3n de la L\u00ednea Violeta y de los servicios de emergencia dirigidos a mujeres y ni\u00f1as, acciones relevantes ante la vigencia de la Alerta de Violencia de G\u00e9nero en el municipio.<\/p>\n<p>La titular del IMMX se\u00f1al\u00f3 que durante 2026 se atender\u00e1 de manera puntual la elaboraci\u00f3n de diagn\u00f3sticos comunitarios desde el territorio, con el objetivo de dise\u00f1ar pol\u00edticas p\u00fablicas acordes a las necesidades reales de las mujeres xalape\u00f1as.<\/p>\n<p>Finalmente, se inform\u00f3 que contin\u00faa abierta la convocatoria para la Medalla Insurgente 2026, reconocimiento que otorga el Ayuntamiento de Xalapa a mujeres que se han distinguido por su labor en favor de los derechos humanos y la igualdad, adem\u00e1s de que se fortalecer\u00e1n los programas de capacitaci\u00f3n con perspectiva de g\u00e9nero dirigidos a servidoras y servidores p\u00fablicos, a fin de garantizar una atenci\u00f3n institucional libre de discriminaci\u00f3n y violencia.<\/p>\n","protected":false},"excerpt":{"rendered":"<p>Dar\u00edo Pale Xalapa, Ver.- Con el objetivo de fortalecer las pol\u00edticas p\u00fablicas en favor de las mujeres, se instal\u00f3 formalmente la Comisi\u00f3n de Igualdad de G\u00e9nero del Cabildo de Xalapa para el periodo 2026\u20132029, la cual ser\u00e1 presidida por la regidora d\u00e9cima, M\u00f3nica Mendoza Madrigal, y estar\u00e1 integrada tambi\u00e9n por la regidora tercera, Susan Liliana [&hellip;]<\/p>\n","protected":false},"author":2476,"featured_media":74306,"comment_status":"open","ping_status":"open","sticky":false,"template":"","format":"standard","meta":{"_jetpack_memberships_contains_paid_content":false,"footnotes":""},"categories":[3],"tags":[],"class_list":["post-74305","post","type-post","status-publish","format-standard","has-post-thumbnail","hentry","category-xalapa"],"jetpack_featured_media_url":"https:\/\/encuentroinformativo.com.mx\/wp-content\/uploads\/2026\/01\/IMG-20260117-WA0203.jpg","jetpack_sharing_enabled":true,"jetpack_likes_enabled":true,"amp_enabled":true,"_links":{"self":[{"href":"https:\/\/encuentroinformativo.com.mx\/index.php?rest_route=\/wp\/v2\/posts\/74305","targetHints":{"allow":["GET"]}}],"collection":[{"href":"https:\/\/encuentroinformativo.com.mx\/index.php?rest_route=\/wp\/v2\/posts"}],"about":[{"href":"https:\/\/encuentroinformativo.com.mx\/index.php?rest_route=\/wp\/v2\/types\/post"}],"author":[{"embeddable":true,"href":"https:\/\/encuentroinformativo.com.mx\/index.php?rest_route=\/wp\/v2\/users\/2476"}],"replies":[{"embeddable":true,"href":"https:\/\/encuentroinformativo.com.mx\/index.php?rest_route=%2Fwp%2Fv2%2Fcomments&post=74305"}],"version-history":[{"count":1,"href":"https:\/\/encuentroinformativo.com.mx\/index.php?rest_route=\/wp\/v2\/posts\/74305\/revisions"}],"predecessor-version":[{"id":74307,"href":"https:\/\/encuentroinformativo.com.mx\/index.php?rest_route=\/wp\/v2\/posts\/74305\/revisions\/74307"}],"wp:featuredmedia":[{"embeddable":true,"href":"https:\/\/encuentroinformativo.com.mx\/index.php?rest_route=\/wp\/v2\/media\/74306"}],"wp:attachment":[{"href":"https:\/\/encuentroinformativo.com.mx\/index.php?rest_route=%2Fwp%2Fv2%2Fmedia&parent=74305"}],"wp:term":[{"taxonomy":"category","embeddable":true,"href":"https:\/\/encuentroinformativo.com.mx\/index.php?rest_route=%2Fwp%2Fv2%2Fcategories&post=74305"},{"taxonomy":"post_tag","embeddable":true,"href":"https:\/\/encuentroinformativo.com.mx\/index.php?rest_route=%2Fwp%2Fv2%2Ftags&post=74305"}],"curies":[{"name":"wp","href":"https:\/\/api.w.org\/{rel}","templated":true}]}}