{"id":74309,"date":"2026-01-18T15:01:21","date_gmt":"2026-01-18T21:01:21","guid":{"rendered":"https:\/\/encuentroinformativo.com.mx\/?p=74309"},"modified":"2026-01-18T15:01:21","modified_gmt":"2026-01-18T21:01:21","slug":"veracruz-alista-su-oferta-turistica-ante-el-mercado-internacional-en-la-fitur","status":"publish","type":"post","link":"https:\/\/encuentroinformativo.com.mx\/?p=74309","title":{"rendered":"Veracruz alista su oferta tur\u00edstica ante el mercado internacional en la FITUR"},"content":{"rendered":"<p><strong>* Agenda enfocada en la promoci\u00f3n y generaci\u00f3n de alianzas en la industria.<\/strong><\/p>\n<p><strong>*Artesanos, m\u00fasicos, danzantes y especialistas integran la delegaci\u00f3n.<\/strong><\/p>\n<p>Xalapa, Ver.- La Secretar\u00eda de Cultura de Veracruz, en coordinaci\u00f3n con la Secretar\u00eda de Turismo, anuncia que durante su participaci\u00f3n en la Feria Internacional de Turismo (FITUR) 2026, a celebrarse en Madrid, Espa\u00f1a, desplegar\u00e1 una agenda de promoci\u00f3n cultural, gastron\u00f3mica y artesanal para visibilizar el patrimonio local y fortalecer el posicionamiento de sus destinos en mercados internacionales.<\/p>\n<p>La agenda de trabajo iniciar\u00e1 el 20 de enero con una activaci\u00f3n especial en la Casa M\u00e9xico en Madrid, con demostraciones de barismo, cocina tradicional y son jarocho. Posteriormente, del 21 al 25, las actividades se trasladar\u00e1n al recinto IFEMA, sede oficial de la FITUR, as\u00ed como a diversos sitios emblem\u00e1ticos de la capital espa\u00f1ola.<\/p>\n<p>La delegaci\u00f3n estar\u00e1 integrada por 22 especialistas y artistas, incluyendo artesanos, m\u00fasicos, jarochos, danzantes guaguas, baristas, una chamana, un brujo y un artista pl\u00e1stico, encargados de presentar danzas, m\u00fasica y tradici\u00f3n, dentro y fuera del recinto, para que miles de visitantes locales e internacionales conozcan la vitalidad de las tradiciones veracruzanas.<\/p>\n<p>Dentro del pabell\u00f3n, se establecer\u00e1 una barra de activaciones gastron\u00f3micas que incluir\u00e1 el tostado de caf\u00e9, los procesos de la vainilla y un m\u00f3dulo de Caf\u00e9 La Parroquia para ofrecer degustaciones del tradicional lechero. Adem\u00e1s, se promover\u00e1 la medicina tradicional para destacar este conocimiento ancestral como valor cultural de reconocimiento mundial.<\/p>\n<p>En el \u00e1mbito comercial y de negocios, Veracruz incentivar\u00e1 el cierre de acuerdos entre tour operadores, agencias de viajes y prestadores de servicios, presentando diversas rutas tur\u00edsticas y productos ic\u00f3nicos del estado, los cuales funcionan como atractivos fundamentales para el turismo extranjero.<\/p>\n<p>La estrategia de promoci\u00f3n tambi\u00e9n contempla la exhibici\u00f3n de piezas artesanales \u00fanicas elaboradas por manos veracruzanas, visibilizando el trabajo de las comunidades y fortaleciendo su patrimonio cultural.<\/p>\n<p>Sigue las redes sociales de la @SECVERoficial para conocer todas las acciones que confirman por qu\u00e9 Veracruz est\u00e1 de moda.<\/p>\n","protected":false},"excerpt":{"rendered":"<p>* Agenda enfocada en la promoci\u00f3n y generaci\u00f3n de alianzas en la industria. *Artesanos, m\u00fasicos, danzantes y especialistas integran la delegaci\u00f3n. Xalapa, Ver.- La Secretar\u00eda de Cultura de Veracruz, en coordinaci\u00f3n con la Secretar\u00eda de Turismo, anuncia que durante su participaci\u00f3n en la Feria Internacional de Turismo (FITUR) 2026, a celebrarse en Madrid, Espa\u00f1a, desplegar\u00e1 [&hellip;]<\/p>\n","protected":false},"author":2476,"featured_media":74310,"comment_status":"open","ping_status":"open","sticky":false,"template":"","format":"standard","meta":{"_jetpack_memberships_contains_paid_content":false,"footnotes":""},"categories":[2,13],"tags":[],"class_list":["post-74309","post","type-post","status-publish","format-standard","has-post-thumbnail","hentry","category-estado","category-internacional"],"jetpack_featured_media_url":"https:\/\/encuentroinformativo.com.mx\/wp-content\/uploads\/2026\/01\/IMG-20260118-WA0057.jpg","jetpack_sharing_enabled":true,"jetpack_likes_enabled":true,"amp_enabled":true,"_links":{"self":[{"href":"https:\/\/encuentroinformativo.com.mx\/index.php?rest_route=\/wp\/v2\/posts\/74309","targetHints":{"allow":["GET"]}}],"collection":[{"href":"https:\/\/encuentroinformativo.com.mx\/index.php?rest_route=\/wp\/v2\/posts"}],"about":[{"href":"https:\/\/encuentroinformativo.com.mx\/index.php?rest_route=\/wp\/v2\/types\/post"}],"author":[{"embeddable":true,"href":"https:\/\/encuentroinformativo.com.mx\/index.php?rest_route=\/wp\/v2\/users\/2476"}],"replies":[{"embeddable":true,"href":"https:\/\/encuentroinformativo.com.mx\/index.php?rest_route=%2Fwp%2Fv2%2Fcomments&post=74309"}],"version-history":[{"count":1,"href":"https:\/\/encuentroinformativo.com.mx\/index.php?rest_route=\/wp\/v2\/posts\/74309\/revisions"}],"predecessor-version":[{"id":74311,"href":"https:\/\/encuentroinformativo.com.mx\/index.php?rest_route=\/wp\/v2\/posts\/74309\/revisions\/74311"}],"wp:featuredmedia":[{"embeddable":true,"href":"https:\/\/encuentroinformativo.com.mx\/index.php?rest_route=\/wp\/v2\/media\/74310"}],"wp:attachment":[{"href":"https:\/\/encuentroinformativo.com.mx\/index.php?rest_route=%2Fwp%2Fv2%2Fmedia&parent=74309"}],"wp:term":[{"taxonomy":"category","embeddable":true,"href":"https:\/\/encuentroinformativo.com.mx\/index.php?rest_route=%2Fwp%2Fv2%2Fcategories&post=74309"},{"taxonomy":"post_tag","embeddable":true,"href":"https:\/\/encuentroinformativo.com.mx\/index.php?rest_route=%2Fwp%2Fv2%2Ftags&post=74309"}],"curies":[{"name":"wp","href":"https:\/\/api.w.org\/{rel}","templated":true}]}}