{"id":74320,"date":"2026-01-19T11:26:24","date_gmt":"2026-01-19T17:26:24","guid":{"rendered":"https:\/\/encuentroinformativo.com.mx\/?p=74320"},"modified":"2026-01-19T11:26:24","modified_gmt":"2026-01-19T17:26:24","slug":"mariela-hernandez-nueva-secretaria-de-salud-en-veracruz","status":"publish","type":"post","link":"https:\/\/encuentroinformativo.com.mx\/?p=74320","title":{"rendered":"Mariela Hern\u00e1ndez nueva secretaria de Salud en Veracruz"},"content":{"rendered":"<p><strong>Dar\u00edo Pale<\/strong><\/p>\n<p>Xalapa, Ver.- La gobernadora de Veracruz, Norma Roc\u00edo Nahle Garc\u00eda, anunci\u00f3 el nombramiento de Mariela Hern\u00e1ndez Garc\u00eda como nueva secretaria de Salud del estado, en sustituci\u00f3n del doctor Valent\u00edn Herrera Alarc\u00f3n, quien present\u00f3 su renuncia para reincorporarse al ISSSTE, instituci\u00f3n donde es m\u00e9dico de base.<\/p>\n<p>Durante la entrevista semanal con el periodista Luis Ram\u00edrez Baqueiro, la mandataria estatal explic\u00f3 que el doctor Valent\u00edn Herrera decidi\u00f3 retomar su plaza en el ISSSTE, ya que se encuentra en la etapa final de su vida laboral y debe regresar a la instituci\u00f3n para continuar con su proceso de jubilaci\u00f3n.<\/p>\n<p>Nahle Garc\u00eda reconoci\u00f3 y agradeci\u00f3 su trabajo al frente de la dependencia, destacando su aportaci\u00f3n en el complejo proceso de coordinaci\u00f3n entre la Secretar\u00eda de Salud estatal y el sistema IMSS-Bienestar.<\/p>\n<p>La gobernadora record\u00f3 que, durante el primer a\u00f1o de su administraci\u00f3n, el sector salud enfrent\u00f3 importantes retos administrativos derivados de la transici\u00f3n al modelo federalizado del IMSS-Bienestar, en el cual este organismo opera los 60 hospitales p\u00fablicos y m\u00e1s de 800 centros de salud en la entidad, mientras la Secretar\u00eda de Salud mantiene la rector\u00eda de la pol\u00edtica p\u00fablica sanitaria y las jurisdicciones sanitarias.<\/p>\n<p>En este contexto, confirm\u00f3 que a partir de esta semana se realizar\u00e1 el relevo en la Secretar\u00eda de Salud, con el objetivo de fortalecer la atenci\u00f3n m\u00e9dica y mejorar la respuesta institucional.<\/p>\n<p>Precis\u00f3 que la nueva titular ser\u00e1 Mariela Hern\u00e1ndez Garc\u00eda, originaria de Las Choapas, m\u00e9dica de profesi\u00f3n y quien recientemente concluy\u00f3 su gesti\u00f3n como presidenta municipal.<\/p>\n<p>Nahle Garc\u00eda describi\u00f3 a la nueva secretaria como una mujer seria, responsable, leal y con amplia actitud de servicio, con quien ya sostuvo reuniones previas para definir la ruta de trabajo en el sector salud.<\/p>\n<p>Asimismo, adelant\u00f3 que con su llegada se llevar\u00e1n a cabo ajustes internos en distintas \u00e1reas y direcciones de la dependencia, con el fin de optimizar su funcionamiento y consolidar los avances logrados.<\/p>\n<p>Finalmente, la gobernadora reiter\u00f3 que estos cambios forman parte de los ajustes naturales en el primer a\u00f1o de gobierno y tienen como prop\u00f3sito acelerar el ritmo de trabajo, mejorar la atenci\u00f3n a la poblaci\u00f3n y fortalecer el sistema de salud en beneficio de las y los veracruzanos.<\/p>\n","protected":false},"excerpt":{"rendered":"<p>Dar\u00edo Pale Xalapa, Ver.- La gobernadora de Veracruz, Norma Roc\u00edo Nahle Garc\u00eda, anunci\u00f3 el nombramiento de Mariela Hern\u00e1ndez Garc\u00eda como nueva secretaria de Salud del estado, en sustituci\u00f3n del doctor Valent\u00edn Herrera Alarc\u00f3n, quien present\u00f3 su renuncia para reincorporarse al ISSSTE, instituci\u00f3n donde es m\u00e9dico de base. Durante la entrevista semanal con el periodista Luis [&hellip;]<\/p>\n","protected":false},"author":2476,"featured_media":74321,"comment_status":"open","ping_status":"open","sticky":false,"template":"","format":"standard","meta":{"_jetpack_memberships_contains_paid_content":false,"footnotes":""},"categories":[9],"tags":[],"class_list":["post-74320","post","type-post","status-publish","format-standard","has-post-thumbnail","hentry","category-salud"],"jetpack_featured_media_url":"https:\/\/encuentroinformativo.com.mx\/wp-content\/uploads\/2026\/01\/IMG-20260119-WA0068.jpg","jetpack_sharing_enabled":true,"jetpack_likes_enabled":true,"amp_enabled":true,"_links":{"self":[{"href":"https:\/\/encuentroinformativo.com.mx\/index.php?rest_route=\/wp\/v2\/posts\/74320","targetHints":{"allow":["GET"]}}],"collection":[{"href":"https:\/\/encuentroinformativo.com.mx\/index.php?rest_route=\/wp\/v2\/posts"}],"about":[{"href":"https:\/\/encuentroinformativo.com.mx\/index.php?rest_route=\/wp\/v2\/types\/post"}],"author":[{"embeddable":true,"href":"https:\/\/encuentroinformativo.com.mx\/index.php?rest_route=\/wp\/v2\/users\/2476"}],"replies":[{"embeddable":true,"href":"https:\/\/encuentroinformativo.com.mx\/index.php?rest_route=%2Fwp%2Fv2%2Fcomments&post=74320"}],"version-history":[{"count":1,"href":"https:\/\/encuentroinformativo.com.mx\/index.php?rest_route=\/wp\/v2\/posts\/74320\/revisions"}],"predecessor-version":[{"id":74322,"href":"https:\/\/encuentroinformativo.com.mx\/index.php?rest_route=\/wp\/v2\/posts\/74320\/revisions\/74322"}],"wp:featuredmedia":[{"embeddable":true,"href":"https:\/\/encuentroinformativo.com.mx\/index.php?rest_route=\/wp\/v2\/media\/74321"}],"wp:attachment":[{"href":"https:\/\/encuentroinformativo.com.mx\/index.php?rest_route=%2Fwp%2Fv2%2Fmedia&parent=74320"}],"wp:term":[{"taxonomy":"category","embeddable":true,"href":"https:\/\/encuentroinformativo.com.mx\/index.php?rest_route=%2Fwp%2Fv2%2Fcategories&post=74320"},{"taxonomy":"post_tag","embeddable":true,"href":"https:\/\/encuentroinformativo.com.mx\/index.php?rest_route=%2Fwp%2Fv2%2Ftags&post=74320"}],"curies":[{"name":"wp","href":"https:\/\/api.w.org\/{rel}","templated":true}]}}