{"id":74324,"date":"2026-01-19T11:36:58","date_gmt":"2026-01-19T17:36:58","guid":{"rendered":"https:\/\/encuentroinformativo.com.mx\/?p=74324"},"modified":"2026-01-19T11:36:58","modified_gmt":"2026-01-19T17:36:58","slug":"trabajadores-de-la-upav-acusan-incumplimiento-de-asociacion-responsable","status":"publish","type":"post","link":"https:\/\/encuentroinformativo.com.mx\/?p=74324","title":{"rendered":"Trabajadores de la UPAV acusan incumplimiento de asociaci\u00f3n responsable"},"content":{"rendered":"<p><strong>Dar\u00edo Pale<\/strong><\/p>\n<p>Xalapa, Ver.- Trabajadores administrativos vinculados a la Universidad Popular Aut\u00f3noma de Veracruz (UPAV) se manifestaron este d\u00eda para exigir el pago de adeudos laborales y solicitar la intervenci\u00f3n del Gobierno del Estado, luego de que la asociaci\u00f3n que los contrat\u00f3 incumpliera con diversas obligaciones econ\u00f3micas.<\/p>\n<p>Los inconformes se\u00f1alaron que la asociaci\u00f3n responsable, identificada como Inmob, les adeuda la primera quincena de enero, as\u00ed como el pago de Infonavit correspondiente al mes de diciembre, la prima vacacional y otros conceptos derivados de su contrato laboral.<\/p>\n<p>Indicaron que el adeudo afecta a entre 150 y 200 trabajadores, todos ellos auxiliares y personal administrativo que laboraban en la sede de la UPAV en Xalapa.<\/p>\n<p>De acuerdo con los trabajadores, su contrato concluy\u00f3 recientemente; sin embargo, acusaron que fueron objeto de un despido injustificado, ya que no se les cubrieron las prestaciones devengadas ni se les inform\u00f3 oportunamente que no recibir\u00edan el pago correspondiente.<\/p>\n<p>\u201cLa quincena ya estaba devengada y muchas familias dependemos de ese ingreso para el sustento diario\u201d, expresaron.<\/p>\n<p>Los manifestantes informaron que acudieron a entregar un oficio formal en el que enlistan sus requerimientos, con el objetivo de que el proceso se lleve de manera legal y correcta. Entre sus principales demandas se encuentra el pago inmediato de los adeudos y el cumplimiento total de lo establecido en sus contratos laborales.<\/p>\n<p>Indicaron que el pasado viernes sostuvieron un acercamiento con el director de Pol\u00edtica Regional, quien los atendi\u00f3 y se comprometi\u00f3 a dar seguimiento al caso, por lo que este d\u00eda esperaban nuevamente ser recibidos por autoridades estatales.<\/p>\n<p>Asimismo, se\u00f1alaron que actualmente se encuentran suspendidos de sus labores, aunque dijeron tener la promesa de que ser\u00e1n considerados para una futura recontrataci\u00f3n directa por parte del Gobierno del Estado, una vez que concluya el proceso de transici\u00f3n de la UPAV de un esquema privado a uno p\u00fablico.<\/p>\n<p>En ese sentido, solicitaron que se les reconozca su experiencia y se les tome en cuenta de manera prioritaria para ocupar los cargos administrativos.<\/p>\n<p>Los trabajadores aclararon que tienen identificado que el conflicto legal es directamente con la asociaci\u00f3n Inmob, pero insistieron en la necesidad de que el Gobierno del Estado intervenga para garantizar el pago de los adeudos y evitar mayores afectaciones.<\/p>\n<p>Finalmente, se\u00f1alaron que, pese a la incertidumbre y la desinformaci\u00f3n que existe sobre los cambios en la universidad, conf\u00edan en que ser\u00e1n llamados nuevamente a laborar, asegurando que cuentan con la palabra del rector de la UPAV.<\/p>\n<p>Mientras tanto, reiteraron su llamado a las autoridades para que atiendan su situaci\u00f3n, ya que la falta de pago ha generado una severa afectaci\u00f3n econ\u00f3mica a decenas de familias.<\/p>\n","protected":false},"excerpt":{"rendered":"<p>Dar\u00edo Pale Xalapa, Ver.- Trabajadores administrativos vinculados a la Universidad Popular Aut\u00f3noma de Veracruz (UPAV) se manifestaron este d\u00eda para exigir el pago de adeudos laborales y solicitar la intervenci\u00f3n del Gobierno del Estado, luego de que la asociaci\u00f3n que los contrat\u00f3 incumpliera con diversas obligaciones econ\u00f3micas. Los inconformes se\u00f1alaron que la asociaci\u00f3n responsable, identificada [&hellip;]<\/p>\n","protected":false},"author":2476,"featured_media":74325,"comment_status":"open","ping_status":"open","sticky":false,"template":"","format":"standard","meta":{"_jetpack_memberships_contains_paid_content":false,"footnotes":""},"categories":[2],"tags":[],"class_list":["post-74324","post","type-post","status-publish","format-standard","has-post-thumbnail","hentry","category-estado"],"jetpack_featured_media_url":"https:\/\/encuentroinformativo.com.mx\/wp-content\/uploads\/2026\/01\/IMG-20260119-WA00822.jpg","jetpack_sharing_enabled":true,"jetpack_likes_enabled":true,"amp_enabled":true,"_links":{"self":[{"href":"https:\/\/encuentroinformativo.com.mx\/index.php?rest_route=\/wp\/v2\/posts\/74324","targetHints":{"allow":["GET"]}}],"collection":[{"href":"https:\/\/encuentroinformativo.com.mx\/index.php?rest_route=\/wp\/v2\/posts"}],"about":[{"href":"https:\/\/encuentroinformativo.com.mx\/index.php?rest_route=\/wp\/v2\/types\/post"}],"author":[{"embeddable":true,"href":"https:\/\/encuentroinformativo.com.mx\/index.php?rest_route=\/wp\/v2\/users\/2476"}],"replies":[{"embeddable":true,"href":"https:\/\/encuentroinformativo.com.mx\/index.php?rest_route=%2Fwp%2Fv2%2Fcomments&post=74324"}],"version-history":[{"count":1,"href":"https:\/\/encuentroinformativo.com.mx\/index.php?rest_route=\/wp\/v2\/posts\/74324\/revisions"}],"predecessor-version":[{"id":74326,"href":"https:\/\/encuentroinformativo.com.mx\/index.php?rest_route=\/wp\/v2\/posts\/74324\/revisions\/74326"}],"wp:featuredmedia":[{"embeddable":true,"href":"https:\/\/encuentroinformativo.com.mx\/index.php?rest_route=\/wp\/v2\/media\/74325"}],"wp:attachment":[{"href":"https:\/\/encuentroinformativo.com.mx\/index.php?rest_route=%2Fwp%2Fv2%2Fmedia&parent=74324"}],"wp:term":[{"taxonomy":"category","embeddable":true,"href":"https:\/\/encuentroinformativo.com.mx\/index.php?rest_route=%2Fwp%2Fv2%2Fcategories&post=74324"},{"taxonomy":"post_tag","embeddable":true,"href":"https:\/\/encuentroinformativo.com.mx\/index.php?rest_route=%2Fwp%2Fv2%2Ftags&post=74324"}],"curies":[{"name":"wp","href":"https:\/\/api.w.org\/{rel}","templated":true}]}}