{"id":74330,"date":"2026-01-19T12:35:15","date_gmt":"2026-01-19T18:35:15","guid":{"rendered":"https:\/\/encuentroinformativo.com.mx\/?p=74330"},"modified":"2026-01-19T12:35:15","modified_gmt":"2026-01-19T18:35:15","slug":"bertha-ahued-inicia-proyecto-de-emprendedor-a-empresario","status":"publish","type":"post","link":"https:\/\/encuentroinformativo.com.mx\/?p=74330","title":{"rendered":"Bertha Ahued inicia proyecto &#8220;De Emprendedor a Empresario&#8221;"},"content":{"rendered":"<p><strong>Alejandro \u00c1vila<\/strong><\/p>\n<p>Veracruz, Ver.- A partir de este lunes 19 de enero inici\u00f3 el programa &#8220;De Emprendedor a Empresario&#8221;, impulsado por la diputada local, Bertha Ahued Malpica.<\/p>\n<p>Este proyecto tiene como objetivo realizar talleres para m\u00e1s de 70 emprendedores, con el objetivo de transformar sus sue\u00f1os en peque\u00f1as y medianas empresas.<\/p>\n<p>La legisladora se\u00f1al\u00f3 que, es importante que los ciudadanos aprendan de administraci\u00f3n y gesti\u00f3n de negocios para poder solidificar su emprendimiento.<\/p>\n<p>\u201cHoy presentamos el taller De Emprendedor a Empresario, una iniciativa que nace como uno de mis compromisos de campa\u00f1a y que hoy se materializa para apoyar a quienes todos los d\u00edas luchan por sacar adelante a sus familias y sus negocios\u201d, coment\u00f3<\/p>\n<p>Dijo que al concluir las pl\u00e1ticas y talleres se realizar\u00e1 una exposici\u00f3n abierta al p\u00fablico para que los peque\u00f1os empresarios puedan ofrecer sus productos a la ciudadan\u00eda.<\/p>\n<p>A\u00f1adi\u00f3 que posteriormente los talleres para emprendedores ser\u00e1n llevados a otros municipios del estado de Veracruz, para que este beneficio llegue a toda la poblaci\u00f3n.<\/p>\n","protected":false},"excerpt":{"rendered":"<p>Alejandro \u00c1vila Veracruz, Ver.- A partir de este lunes 19 de enero inici\u00f3 el programa &#8220;De Emprendedor a Empresario&#8221;, impulsado por la diputada local, Bertha Ahued Malpica. Este proyecto tiene como objetivo realizar talleres para m\u00e1s de 70 emprendedores, con el objetivo de transformar sus sue\u00f1os en peque\u00f1as y medianas empresas. La legisladora se\u00f1al\u00f3 que, [&hellip;]<\/p>\n","protected":false},"author":2476,"featured_media":74331,"comment_status":"open","ping_status":"open","sticky":false,"template":"","format":"standard","meta":{"_jetpack_memberships_contains_paid_content":false,"footnotes":""},"categories":[2],"tags":[],"class_list":["post-74330","post","type-post","status-publish","format-standard","has-post-thumbnail","hentry","category-estado"],"jetpack_featured_media_url":"https:\/\/encuentroinformativo.com.mx\/wp-content\/uploads\/2026\/01\/IMG-20260119-WA0090.jpg","jetpack_sharing_enabled":true,"jetpack_likes_enabled":true,"amp_enabled":true,"_links":{"self":[{"href":"https:\/\/encuentroinformativo.com.mx\/index.php?rest_route=\/wp\/v2\/posts\/74330","targetHints":{"allow":["GET"]}}],"collection":[{"href":"https:\/\/encuentroinformativo.com.mx\/index.php?rest_route=\/wp\/v2\/posts"}],"about":[{"href":"https:\/\/encuentroinformativo.com.mx\/index.php?rest_route=\/wp\/v2\/types\/post"}],"author":[{"embeddable":true,"href":"https:\/\/encuentroinformativo.com.mx\/index.php?rest_route=\/wp\/v2\/users\/2476"}],"replies":[{"embeddable":true,"href":"https:\/\/encuentroinformativo.com.mx\/index.php?rest_route=%2Fwp%2Fv2%2Fcomments&post=74330"}],"version-history":[{"count":1,"href":"https:\/\/encuentroinformativo.com.mx\/index.php?rest_route=\/wp\/v2\/posts\/74330\/revisions"}],"predecessor-version":[{"id":74332,"href":"https:\/\/encuentroinformativo.com.mx\/index.php?rest_route=\/wp\/v2\/posts\/74330\/revisions\/74332"}],"wp:featuredmedia":[{"embeddable":true,"href":"https:\/\/encuentroinformativo.com.mx\/index.php?rest_route=\/wp\/v2\/media\/74331"}],"wp:attachment":[{"href":"https:\/\/encuentroinformativo.com.mx\/index.php?rest_route=%2Fwp%2Fv2%2Fmedia&parent=74330"}],"wp:term":[{"taxonomy":"category","embeddable":true,"href":"https:\/\/encuentroinformativo.com.mx\/index.php?rest_route=%2Fwp%2Fv2%2Fcategories&post=74330"},{"taxonomy":"post_tag","embeddable":true,"href":"https:\/\/encuentroinformativo.com.mx\/index.php?rest_route=%2Fwp%2Fv2%2Ftags&post=74330"}],"curies":[{"name":"wp","href":"https:\/\/api.w.org\/{rel}","templated":true}]}}