{"id":74333,"date":"2026-01-19T12:44:26","date_gmt":"2026-01-19T18:44:26","guid":{"rendered":"https:\/\/encuentroinformativo.com.mx\/?p=74333"},"modified":"2026-01-19T12:44:26","modified_gmt":"2026-01-19T18:44:26","slug":"cosecha-de-cafe-con-perdidas-y-retrasos-senalan-productores","status":"publish","type":"post","link":"https:\/\/encuentroinformativo.com.mx\/?p=74333","title":{"rendered":"Cosecha de caf\u00e9 con p\u00e9rdidas y retrasos, se\u00f1alan productores"},"content":{"rendered":"<p><strong>Dar\u00edo Pale<\/strong><\/p>\n<p>Xalapa, Ver.- Integrantes del Consejo Regional del Caf\u00e9 de Coatepec y de la Coordinadora Nacional de Organizaciones Cafetaleras (CNOC) denunciaron un fuerte castigo al precio del caf\u00e9 en pleno centro de la cosecha 2025-2026, as\u00ed como un aumento excesivo en las importaciones de caf\u00e9 robusta de baja calidad, lo que \u2014aseguraron\u2014 afecta directamente a los productores mexicanos.<\/p>\n<p>Durante la manifestaci\u00f3n en la Plaza Lerdo los representantes del sector cafetalero reconocieron la cobertura de los medios de comunicaci\u00f3n y expusieron que la actual cosecha presenta un retraso significativo, derivado de un invierno at\u00edpico, con temperaturas extremas, adem\u00e1s de fuertes p\u00e9rdidas por la infecci\u00f3n de roya y por pr\u00e1cticas de rapi\u00f1a de parte de los comercializadores, situaci\u00f3n que se repite a\u00f1o con a\u00f1o.<\/p>\n<p>Se\u00f1alaron que, como ocurre de manera recurrente, los comercializadores presuntamente se coordinan con el mercado burs\u00e1til para imponer castigos en el precio del caf\u00e9, precisamente en el periodo donde se registran mayores fluctuaciones, es decir, en el centro de la cosecha. A esto se suma \u2014indicaron\u2014 la falta de mecanismos gubernamentales claros y transparentes para la defensa del precio del caf\u00e9.<\/p>\n<p>De acuerdo con datos documentados al cierre de la bolsa del 16 de enero, el precio internacional se ubic\u00f3 en 355.30 d\u00f3lares por cada 100 libras. Al sumar el diferencial castigado de 8.50 d\u00f3lares, el precio alcanzar\u00eda los 363.80 d\u00f3lares, pero al descontar los gastos de comercializaci\u00f3n, estimados entre 60 y 70 d\u00f3lares, el ingreso real baja a 303.80 d\u00f3lares, lo que, al tipo de cambio actual, representa alrededor de 5 mil 500 pesos por quintal de caf\u00e9 pergamino.<\/p>\n<p>Con base en estos c\u00e1lculos, los cafetaleros se\u00f1alaron que en campo el precio justo del caf\u00e9 cereza deber\u00eda ubicarse entre 20.50 y 21 pesos por kilo. Sin embargo, reportes de comunidades al cierre del 17 de enero indican que el precio m\u00e1s alto registrado fue de 17.50 pesos, mientras que la mayor\u00eda de los productores est\u00e1 recibiendo entre 16 y 17 pesos por kilo, lo que representa un castigo de entre 3 y 3.50 pesos por kilo.<\/p>\n<p>Aclararon que algunos precios de hasta 18 pesos por kilo corresponden a compras directas de cafeter\u00edas especializadas que pagan un plus por calidad, pero advirtieron que estos no reflejan el mercado convencional, el cual sigue castigando severamente al productor.<\/p>\n<p>Fernando Celis Callejas, representante de las organizaciones convocantes, explic\u00f3 que uno de los principales problemas es el incremento desmedido de las importaciones de caf\u00e9 robusta, de menor calidad y precio, provenientes principalmente de Vietnam y Brasil.<\/p>\n<p>Detall\u00f3 que Vietnam increment\u00f3 sus exportaciones de caf\u00e9 a M\u00e9xico en mil 220 por ciento, mientras que Brasil lo hizo en alrededor de 400 por ciento en los \u00faltimos meses.<\/p>\n<p>Indic\u00f3 que, seg\u00fan la Organizaci\u00f3n Internacional del Caf\u00e9 (OIC), el precio del caf\u00e9 robusta en diciembre fue de 190.50 d\u00f3lares, muy por debajo del precio del caf\u00e9 mexicano pergamino, que ronda los 381.60 d\u00f3lares, lo que evidencia que el caf\u00e9 robusta vale menos de la mitad del caf\u00e9 nacional.<\/p>\n<p>Asimismo, se\u00f1al\u00f3 que la OIC report\u00f3 exportaciones de M\u00e9xico por 3.6 millones de sacos en el ciclo 2024-2025, cuando la producci\u00f3n nacional es de 3.9 millones de sacos y el consumo interno asciende a 3.1 millones, lo que deja una diferencia de 800 mil sacos, atribuible a caf\u00e9 importado que se estar\u00eda exportando como si fuera mexicano.<\/p>\n<p>Los cafetaleros denunciaron que empresas transnacionales est\u00e1n importando grandes vol\u00famenes de caf\u00e9 robusta barato para mezclarlo con caf\u00e9 mexicano y exportarlo, incluso bajo esquemas que presuntamente violan los acuerdos comerciales.<\/p>\n<p>Mencionaron el caso de una empresa francesa, Louis Dreyfus, que recientemente ampli\u00f3 una bodega de gran tama\u00f1o la cual \u2014aseguraron\u2014 estar\u00eda destinada al almacenamiento de caf\u00e9 robusta importado.<\/p>\n<p>Finalmente, criticaron el estancamiento de la Ley Cafetalera, la cual \u2014acusaron\u2014 fue bloqueada por la Secretar\u00eda de Econom\u00eda debido a los intereses de grandes empresas transnacionales, dejando al sector cafetalero nacional en total indefensi\u00f3n frente a pr\u00e1cticas que contin\u00faan depreciando el precio del caf\u00e9 mexicano y afectando gravemente la econom\u00eda de miles de productores.<\/p>\n","protected":false},"excerpt":{"rendered":"<p>Dar\u00edo Pale Xalapa, Ver.- Integrantes del Consejo Regional del Caf\u00e9 de Coatepec y de la Coordinadora Nacional de Organizaciones Cafetaleras (CNOC) denunciaron un fuerte castigo al precio del caf\u00e9 en pleno centro de la cosecha 2025-2026, as\u00ed como un aumento excesivo en las importaciones de caf\u00e9 robusta de baja calidad, lo que \u2014aseguraron\u2014 afecta directamente [&hellip;]<\/p>\n","protected":false},"author":2476,"featured_media":74334,"comment_status":"open","ping_status":"open","sticky":false,"template":"","format":"standard","meta":{"_jetpack_memberships_contains_paid_content":false,"footnotes":""},"categories":[8],"tags":[],"class_list":["post-74333","post","type-post","status-publish","format-standard","has-post-thumbnail","hentry","category-region"],"jetpack_featured_media_url":"https:\/\/encuentroinformativo.com.mx\/wp-content\/uploads\/2026\/01\/IMG-20260119-WA0095.jpg","jetpack_sharing_enabled":true,"jetpack_likes_enabled":true,"amp_enabled":true,"_links":{"self":[{"href":"https:\/\/encuentroinformativo.com.mx\/index.php?rest_route=\/wp\/v2\/posts\/74333","targetHints":{"allow":["GET"]}}],"collection":[{"href":"https:\/\/encuentroinformativo.com.mx\/index.php?rest_route=\/wp\/v2\/posts"}],"about":[{"href":"https:\/\/encuentroinformativo.com.mx\/index.php?rest_route=\/wp\/v2\/types\/post"}],"author":[{"embeddable":true,"href":"https:\/\/encuentroinformativo.com.mx\/index.php?rest_route=\/wp\/v2\/users\/2476"}],"replies":[{"embeddable":true,"href":"https:\/\/encuentroinformativo.com.mx\/index.php?rest_route=%2Fwp%2Fv2%2Fcomments&post=74333"}],"version-history":[{"count":1,"href":"https:\/\/encuentroinformativo.com.mx\/index.php?rest_route=\/wp\/v2\/posts\/74333\/revisions"}],"predecessor-version":[{"id":74335,"href":"https:\/\/encuentroinformativo.com.mx\/index.php?rest_route=\/wp\/v2\/posts\/74333\/revisions\/74335"}],"wp:featuredmedia":[{"embeddable":true,"href":"https:\/\/encuentroinformativo.com.mx\/index.php?rest_route=\/wp\/v2\/media\/74334"}],"wp:attachment":[{"href":"https:\/\/encuentroinformativo.com.mx\/index.php?rest_route=%2Fwp%2Fv2%2Fmedia&parent=74333"}],"wp:term":[{"taxonomy":"category","embeddable":true,"href":"https:\/\/encuentroinformativo.com.mx\/index.php?rest_route=%2Fwp%2Fv2%2Fcategories&post=74333"},{"taxonomy":"post_tag","embeddable":true,"href":"https:\/\/encuentroinformativo.com.mx\/index.php?rest_route=%2Fwp%2Fv2%2Ftags&post=74333"}],"curies":[{"name":"wp","href":"https:\/\/api.w.org\/{rel}","templated":true}]}}