{"id":74336,"date":"2026-01-19T12:56:09","date_gmt":"2026-01-19T18:56:09","guid":{"rendered":"https:\/\/encuentroinformativo.com.mx\/?p=74336"},"modified":"2026-01-19T12:56:09","modified_gmt":"2026-01-19T18:56:09","slug":"retirarian-concesion-a-graderos-que-no-cumplan-con-nuevo-reglamento","status":"publish","type":"post","link":"https:\/\/encuentroinformativo.com.mx\/?p=74336","title":{"rendered":"Retirar\u00edan concesi\u00f3n a graderos que no cumplan con nuevo reglamento\u00a0"},"content":{"rendered":"<p><strong>Alejandro \u00c1vila<\/strong><\/p>\n<p>Veracruz, Ver.- Todo aquel gradero que no cumpla con el nuevo reglamento que emitir\u00e1 el Ayuntamiento de Veracruz durante las fiestas de Carnaval correr\u00e1 el riesgo de perder su concesi\u00f3n, se\u00f1al\u00f3 el director de Turismo y Carnaval, Daniel Mart\u00edn Lois.<\/p>\n<p>El funcionario municipal dio a conocer que desde hace unos d\u00edas inici\u00f3 el censo de graderos, y se estima que alrededor 800 personas son las encargadas de vender y comercializar las gradas en el Carnaval de Veracruz.<\/p>\n<p>&#8220;Se va a crear un nuevo manual, el cual, si se incumple ese nuevo manual ya no tendr\u00e1n derecho a gradas el a\u00f1o que viene (&#8230;) una reglamentaci\u00f3n, quien venda por encima del precio permitido, quien venda alcohol en gradas sin autorizaci\u00f3n de comercio, y que no est\u00e9n cuidadas, etc\u00e9tera, o que tengan sobre cupo, autom\u00e1ticamente tendr\u00e1n la sanci\u00f3n&#8221;, expres\u00f3.<\/p>\n<p>Finalmente, dio a conocerte que, en caso de alguna contingencia clim\u00e1tica durante los eventos masivos de Carnaval, los conciertos se estar\u00edan trasladando a otra sede que no ser\u00eda el World Trade Center.<\/p>\n","protected":false},"excerpt":{"rendered":"<p>Alejandro \u00c1vila Veracruz, Ver.- Todo aquel gradero que no cumpla con el nuevo reglamento que emitir\u00e1 el Ayuntamiento de Veracruz durante las fiestas de Carnaval correr\u00e1 el riesgo de perder su concesi\u00f3n, se\u00f1al\u00f3 el director de Turismo y Carnaval, Daniel Mart\u00edn Lois. El funcionario municipal dio a conocer que desde hace unos d\u00edas inici\u00f3 el [&hellip;]<\/p>\n","protected":false},"author":2476,"featured_media":74339,"comment_status":"open","ping_status":"open","sticky":false,"template":"","format":"standard","meta":{"_jetpack_memberships_contains_paid_content":false,"footnotes":""},"categories":[2],"tags":[],"class_list":["post-74336","post","type-post","status-publish","format-standard","has-post-thumbnail","hentry","category-estado"],"jetpack_featured_media_url":"https:\/\/encuentroinformativo.com.mx\/wp-content\/uploads\/2026\/01\/IMG-20260119-WA01092.jpg","jetpack_sharing_enabled":true,"jetpack_likes_enabled":true,"amp_enabled":true,"_links":{"self":[{"href":"https:\/\/encuentroinformativo.com.mx\/index.php?rest_route=\/wp\/v2\/posts\/74336","targetHints":{"allow":["GET"]}}],"collection":[{"href":"https:\/\/encuentroinformativo.com.mx\/index.php?rest_route=\/wp\/v2\/posts"}],"about":[{"href":"https:\/\/encuentroinformativo.com.mx\/index.php?rest_route=\/wp\/v2\/types\/post"}],"author":[{"embeddable":true,"href":"https:\/\/encuentroinformativo.com.mx\/index.php?rest_route=\/wp\/v2\/users\/2476"}],"replies":[{"embeddable":true,"href":"https:\/\/encuentroinformativo.com.mx\/index.php?rest_route=%2Fwp%2Fv2%2Fcomments&post=74336"}],"version-history":[{"count":1,"href":"https:\/\/encuentroinformativo.com.mx\/index.php?rest_route=\/wp\/v2\/posts\/74336\/revisions"}],"predecessor-version":[{"id":74338,"href":"https:\/\/encuentroinformativo.com.mx\/index.php?rest_route=\/wp\/v2\/posts\/74336\/revisions\/74338"}],"wp:featuredmedia":[{"embeddable":true,"href":"https:\/\/encuentroinformativo.com.mx\/index.php?rest_route=\/wp\/v2\/media\/74339"}],"wp:attachment":[{"href":"https:\/\/encuentroinformativo.com.mx\/index.php?rest_route=%2Fwp%2Fv2%2Fmedia&parent=74336"}],"wp:term":[{"taxonomy":"category","embeddable":true,"href":"https:\/\/encuentroinformativo.com.mx\/index.php?rest_route=%2Fwp%2Fv2%2Fcategories&post=74336"},{"taxonomy":"post_tag","embeddable":true,"href":"https:\/\/encuentroinformativo.com.mx\/index.php?rest_route=%2Fwp%2Fv2%2Ftags&post=74336"}],"curies":[{"name":"wp","href":"https:\/\/api.w.org\/{rel}","templated":true}]}}