{"id":74340,"date":"2026-01-19T13:02:06","date_gmt":"2026-01-19T19:02:06","guid":{"rendered":"https:\/\/encuentroinformativo.com.mx\/?p=74340"},"modified":"2026-01-19T13:02:06","modified_gmt":"2026-01-19T19:02:06","slug":"motociclista-pierde-la-vida-al-chocar-con-taxi-del-puerto-de-veracruz","status":"publish","type":"post","link":"https:\/\/encuentroinformativo.com.mx\/?p=74340","title":{"rendered":"Motociclista pierde la vida al chocar con taxi del Puerto de Veracruz"},"content":{"rendered":"<p><strong>Alejandro \u00c1vila<\/strong><\/p>\n<p>Lerdo de Tejada, Ver.- Un joven motociclista originario del municipio de Lerdo de Tejada perdi\u00f3 la vida la ma\u00f1ana de este lunes 19 de enero tras chocar con un taxi de la ciudad de Veracruz.<\/p>\n<p>Los hechos ocurrieron sobre la carretera federal 180 en las primeras horas; el autom\u00f3vil de renta tiene el n\u00famero econ\u00f3mico VB-6845.<\/p>\n<p>Debido al fuerte impacto el conductor de la motocicleta perdi\u00f3 la vida, el ahora occiso fue identificado como, Antonio Carvajal Cobos, con domicilio en la colonia Chamizal del municipio de Lerdo de Tejada.<\/p>\n<p>Al sitio acudi\u00f3 personal de Protecci\u00f3n Civil de Lerdo de Tejada, quienes atendieron el llamado de emergencia y realizaron las labores correspondientes, confirmando el fallecimiento del motociclista.<\/p>\n","protected":false},"excerpt":{"rendered":"<p>Alejandro \u00c1vila Lerdo de Tejada, Ver.- Un joven motociclista originario del municipio de Lerdo de Tejada perdi\u00f3 la vida la ma\u00f1ana de este lunes 19 de enero tras chocar con un taxi de la ciudad de Veracruz. Los hechos ocurrieron sobre la carretera federal 180 en las primeras horas; el autom\u00f3vil de renta tiene el [&hellip;]<\/p>\n","protected":false},"author":2476,"featured_media":74341,"comment_status":"open","ping_status":"open","sticky":false,"template":"","format":"standard","meta":{"_jetpack_memberships_contains_paid_content":false,"footnotes":""},"categories":[14],"tags":[],"class_list":["post-74340","post","type-post","status-publish","format-standard","has-post-thumbnail","hentry","category-policiaca"],"jetpack_featured_media_url":"https:\/\/encuentroinformativo.com.mx\/wp-content\/uploads\/2026\/01\/IMG-20260119-WA0188.jpg","jetpack_sharing_enabled":true,"jetpack_likes_enabled":true,"amp_enabled":true,"_links":{"self":[{"href":"https:\/\/encuentroinformativo.com.mx\/index.php?rest_route=\/wp\/v2\/posts\/74340","targetHints":{"allow":["GET"]}}],"collection":[{"href":"https:\/\/encuentroinformativo.com.mx\/index.php?rest_route=\/wp\/v2\/posts"}],"about":[{"href":"https:\/\/encuentroinformativo.com.mx\/index.php?rest_route=\/wp\/v2\/types\/post"}],"author":[{"embeddable":true,"href":"https:\/\/encuentroinformativo.com.mx\/index.php?rest_route=\/wp\/v2\/users\/2476"}],"replies":[{"embeddable":true,"href":"https:\/\/encuentroinformativo.com.mx\/index.php?rest_route=%2Fwp%2Fv2%2Fcomments&post=74340"}],"version-history":[{"count":1,"href":"https:\/\/encuentroinformativo.com.mx\/index.php?rest_route=\/wp\/v2\/posts\/74340\/revisions"}],"predecessor-version":[{"id":74342,"href":"https:\/\/encuentroinformativo.com.mx\/index.php?rest_route=\/wp\/v2\/posts\/74340\/revisions\/74342"}],"wp:featuredmedia":[{"embeddable":true,"href":"https:\/\/encuentroinformativo.com.mx\/index.php?rest_route=\/wp\/v2\/media\/74341"}],"wp:attachment":[{"href":"https:\/\/encuentroinformativo.com.mx\/index.php?rest_route=%2Fwp%2Fv2%2Fmedia&parent=74340"}],"wp:term":[{"taxonomy":"category","embeddable":true,"href":"https:\/\/encuentroinformativo.com.mx\/index.php?rest_route=%2Fwp%2Fv2%2Fcategories&post=74340"},{"taxonomy":"post_tag","embeddable":true,"href":"https:\/\/encuentroinformativo.com.mx\/index.php?rest_route=%2Fwp%2Fv2%2Ftags&post=74340"}],"curies":[{"name":"wp","href":"https:\/\/api.w.org\/{rel}","templated":true}]}}