{"id":7435,"date":"2020-10-28T08:45:14","date_gmt":"2020-10-28T14:45:14","guid":{"rendered":"https:\/\/encuentroinformativo.com.mx\/?p=7435"},"modified":"2020-10-28T08:45:18","modified_gmt":"2020-10-28T14:45:18","slug":"no-gano-porfirio-y-ahora-que-pasara-en-la-aldea","status":"publish","type":"post","link":"https:\/\/encuentroinformativo.com.mx\/?p=7435","title":{"rendered":"NO GAN\u00d3 PORFIRIO&#8230; \u00bfY AHORA QU\u00c9 PASAR\u00c1 EN LA ALDEA?"},"content":{"rendered":"\n<p><strong>+ Carta de gobernantes contra la &#8220;ma\u00f1a federalista&#8221;.<br>+ El Gustavo que vend\u00eda flores en Xalapa.<br>+ Niegan orden de aprehensi\u00f3n contra c\u00f3mplices de JD.<br><br><em>\u00bfSer\u00e1 que el Erik vaya por tacos a la Fiscal\u00eda? Es pregunta seria&#8230;<br>&#8211;Chopenjawer<\/em><\/strong><\/p>\n\n\n\n<p>En Veracruz existen dos grupos dentro de Morena y est\u00e1n muy confrontados. El reflejo del conflicto se puede ver en el Congreso del Estado, donde a pesar de que el partido lopezobradorista es mayor\u00eda, se mantiene una divisi\u00f3n en la bancada: unos juegan con el grupo que encabeza el gobernador; los otros, con el superdelegado Manuel Huerta.<\/p>\n\n\n\n<p>Esta divisi\u00f3n, incre\u00edblemente, mantiene acotado al Poder Ejecutivo, que ha tenido dificultades para sacar adelante asuntos relevantes para la Cuarta Transformaci\u00f3n; un ejemplo claro de esto fue el juicio pol\u00edtico del exfiscal Jorge Winckler Ortiz, que finalmente no se pudo dar y tuvieron que buscar, en el Altiplano, consejo para ver la manera en la que se pod\u00edan quitar esa herencia del exgobernador Miguel \u00c1ngel Yunes Linares.<\/p>\n\n\n\n<p>Es evidente que el control de la actual legislatura es parcial para el Poder Ejecutivo, cuando lo vital &#8211;para cualquier gobernante&#8211; es tenerla en sus manos: sin aliados en el Poder Legislativo, resulta poco m\u00e1s que imposible gobernar y sacar asuntos en el Congreso del Estado.<\/p>\n\n\n\n<p>Otro asunto donde se evidenci\u00f3 recientemente la divisi\u00f3n fue con respecto al apoyo que se le dio a los aspirantes a la presidencia nacional de Morena.<\/p>\n\n\n\n<p>Desde el Palacio de Gobierno hab\u00eda un apoyo en abierto para Yeidckol Polevnsky; otra versi\u00f3n era en el sentido de que primero habr\u00edan apoyado a Bertha Luj\u00e1n. En ambos casos, se comenta que ya se ten\u00edan &#8220;acuerdos&#8221; con respecto a las candidaturas de 2021 y el proyecto posterior, pero las aspirantes no lograron cuajar, ni tener la fuerza necesaria.<\/p>\n\n\n\n<p>Por otra parte, el grupo de Huerta en principio parece que ley\u00f3 mucho mejor la coyuntura y desde un inicio dio su apoyo a Mario Delgado, vinculado al canciller Marcelo Ebrard desde que este fue el sucesor de Andr\u00e9s Manuel en la Jefatura de Gobierno del Distrito Federal (hoy CDMX).<\/p>\n\n\n\n<p>La reacci\u00f3n del grupo adversario a Huerta fue entonces apoyar a Porfirio Mu\u00f1oz Ledo, lo que sin duda fue un error porque no dimensionaron que el viejo pol\u00edtico no est\u00e1 propiamente en el \u00e1nimo del lopezobradorismo, por m\u00e1s que diga el presidente que \u00e9l no se mete en asuntos partidistas.<\/p>\n\n\n\n<p>Y es que si bien el presidente L\u00f3pez Obrador no se mete en temas de partido, alguien del gobierno tiene qu\u00e9 hacerlo y el que se ve controlando los hilos es el canciller Marcelo Ebrard. De aqu\u00ed parte tambi\u00e9n la l\u00f3gica b\u00e1sica de que no se puede gobernar, al menos en M\u00e9xico, sin tener un ala pol\u00edtica, un partido como respaldo; y ese ha sido uno de los principales errores de Morena.<\/p>\n\n\n\n<p>Por ejemplo, el presidente ha utilizado las populares conferencias ma\u00f1aneras para hablar de diversos temas, pero adem\u00e1s para &#8211;seg\u00fan \u00e9l&#8211; defenderse de ataques de a quienes ve como adversarios, los famosos conservadores; si bien el m\u00e9todo le ha funcionado a medias, el desgaste presidencial ha sido notable y muchas veces comprometen al presidente en asuntos de los que no ten\u00eda conocimiento o sencillamente sus argumentos son cuestionados. Pero m\u00e1s all\u00e1 de la din\u00e1mica de las ma\u00f1aneras, al presidente (a dos a\u00f1os de la llegada de la mentada Cuarta Transformaci\u00f3n) le ha faltado un partido para que responda verdaderamente a los ataques pol\u00edticos de los opositores. El mismo caso en Veracruz: no tienen qui\u00e9n les cuide el &#8220;home&#8221;, como se dice en t\u00e9rminos beisboleros.<\/p>\n\n\n\n<p>Volviendo al tema de los aspirantes a la dirigencia nacional, el grupo de Palacio de Gobierno no ley\u00f3 que apoyar a Porfirio Mu\u00f1oz Ledo era un suicidio pol\u00edtico por ser un personaje muy culto, pero err\u00e1tico, conflictivo, incontrolable, y, con todo respeto para la tercera edad, ya muy viejo para los nuevos tiempos que se requieren para el futuro.<\/p>\n\n\n\n<p>Y ah\u00ed est\u00e1 el ejemplo: no acepta los resultados, amenaza con impugnaciones, intent\u00f3 tomar por la fuerza el Comit\u00e9 Ejecutivo Nacional de Morena, y se ve que seguir\u00e1 dando lata, lo que ya de entrada causa divisionismo y polarizaci\u00f3n interna, donde ya nom\u00e1s falta tantito para convertirse en el nuevo PRD.<\/p>\n\n\n\n<p>Si el grupo de Palacio de Gobierno ten\u00eda acuerdos o no con Porfirio, en realidad se desconoce. M\u00e1s bien pareciera que prefirieron llevar la contraria a sus &#8220;enemigos&#8221; locales y no respaldar a Mario Delgado, con quien parece que no han buscado el acercamiento.<\/p>\n\n\n\n<p>La cercan\u00eda de los huertistas con el ya dirigente nacional de Morena fortalece mucho al grupo del superdelegado, quien sin duda tendr\u00e1 m\u00e1s apoyo proveniente del Altiplano.<\/p>\n\n\n\n<p>Lo anterior definitivamente arruinar\u00eda mucho los intereses al grupo de Palacio de Gobierno, que adem\u00e1s ha demostrado falta de negociaci\u00f3n y pericia: ah\u00ed est\u00e1 el caso del Poder Judicial, donde tuvieron que recurrir a las amenazas, a la intimidaci\u00f3n para sacar a una se\u00f1ora de la tercera edad del cargo de Presidenta del Tribunal Superior de Justicia.<\/p>\n\n\n\n<p>Claro que el grupo de palacio sigue siendo el m\u00e1s fuerte en la entidad, pues es el que detenta el Poder Ejecutivo, adem\u00e1s de controlar \u00f3rganos aut\u00f3nomos como la Fiscal\u00eda General del Estado y parte del Congreso del Estado. El asunto, insistimos, es que la negociaci\u00f3n no es su fuerte.<\/p>\n\n\n\n<p>Por lo pronto, para Xalapa, siendo una de las joyas de la corona jarocha, cambi\u00f3 el escenario (producto de este efecto domin\u00f3) y aspirantes como Dorheny Garc\u00eda Cayetano tienen un poco complicado el asunto, porque seguramente los huertistas querr\u00e1n acomodar sus piezas&#8230; con todo el respaldo de quienes van a controlar el partido y las candidaturas.<\/p>\n\n\n\n<p><strong>NOTA PARA PEGAR EN EL REFRI:<\/strong>&nbsp;&#8220;La jefa de gobierno y gobernadores que suscribimos, hacemos un llamado a todos los mexicanos a la unidad y a los gobernadores de la &#8216;ma\u00f1a federalista&#8217; a serenarse. La lucha electoral e intereses personales no debe estar por encima de la grandeza y bienestar del pueblo de M\u00e9xico&#8221;, poste\u00f3 anoche el gobernador Cuitl\u00e1huac Garc\u00eda Jim\u00e9nez. Se trata de un posicionamiento firmado por 7 autoridades estatales (Baja California, Chiapas, Morelos, Puebla, Tabasco, Veracruz, y la Jefa de Gobierno de la Ciudad de M\u00e9xico) para respaldar al Presidente Andr\u00e9s Manuel L\u00f3pez Obrador ante la amenaza de 10 gobernadores para romper el Pacto Federal, donde expusieron que no s\u00f3lo es un acto desesperado ante las elecciones del pr\u00f3ximo a\u00f1o, &#8220;irresponsable adem\u00e1s de inconstitucional&#8221;.<\/p>\n\n\n\n<p><strong>OTRA NOTA:&nbsp;<\/strong>Que llam\u00f3 mucho la atenci\u00f3n la manera en que llegaron a &#8220;protestar&#8221; al cuartel San Jos\u00e9 de la Secretar\u00eda de Seguridad P\u00fablica, los amigos y dolientes de Gustavo &#8220;N&#8221; fallecido en d\u00edas pasados al interior de dichas instalaciones, presuntamente por un infarto. Trataron de irrumpir en el cuartel de manera violenta y los cuicos respondieron lanzando bocanadas de extintores. Posteriormente, en redes sociales circularon im\u00e1genes donde se ve al fallecido portando armas y grandes cantidades de efectivo&#8230; seguramente producto de la venta de flores a la que se dedicaba.<\/p>\n\n\n\n<p><strong>LA \u00daLTIMA PORQUE M\u00daSICA DE LA VIEJA GUARDIA EN CID\u00cdS:\u00a0<\/strong>Que un juez federal de la Ciudad de M\u00e9xico neg\u00f3 las \u00f3rdenes de aprehensi\u00f3n contra dos presuntos c\u00f3mplices de Javier Duarte, en el mismo caso donde el ex gobernador de Veracruz fue sentenciado a 9 a\u00f1os de prisi\u00f3n por lavar dinero del erario en la adquisici\u00f3n de inmuebles. &#8220;El juez de control del Centro de Justicia Penal Federal del Reclusorio Norte determin\u00f3 que no existen elementos para perseguir a Santa Bartolo Acu\u00f1a y Miguel Vel\u00e1zquez Nieva por los delitos de delincuencia organizada y operaciones con recursos de procedencia il\u00edcita. El fallo fue dictado en cumplimiento a una sentencia de amparo del Primer Tribunal Colegiado Penal de esta capital, que en septiembre pasado orden\u00f3 reponer el procedimiento porque no se acredit\u00f3 la necesidad de cautela&#8221;&#8230; Esto quiere decir que, seg\u00fan el tribunal, la Fiscal\u00eda General de la Rep\u00fablica (FGR) no argument\u00f3 por qu\u00e9 necesariamente debe ser la orden de aprehensi\u00f3n y no otra medida de citaci\u00f3n la forma en que deben conducir a los imputados al proceso, seg\u00fan public\u00f3 por la tarde-noche el diario Reforma.<\/p>\n\n\n\n<p><strong>@pablojair<\/strong><\/p>\n","protected":false},"excerpt":{"rendered":"<p>+ Carta de gobernantes contra la &#8220;ma\u00f1a federalista&#8221;.+ El Gustavo que vend\u00eda flores en Xalapa.+ Niegan orden de aprehensi\u00f3n contra c\u00f3mplices de JD. \u00bfSer\u00e1 que el Erik vaya por tacos a la Fiscal\u00eda? Es pregunta seria&#8230;&#8211;Chopenjawer En Veracruz existen dos grupos dentro de Morena y est\u00e1n muy confrontados. El reflejo del conflicto se puede ver [&hellip;]<\/p>\n","protected":false},"author":1,"featured_media":488,"comment_status":"open","ping_status":"open","sticky":false,"template":"","format":"standard","meta":{"_jetpack_memberships_contains_paid_content":false,"footnotes":""},"categories":[11],"tags":[],"class_list":["post-7435","post","type-post","status-publish","format-standard","has-post-thumbnail","hentry","category-opinion"],"jetpack_featured_media_url":"https:\/\/encuentroinformativo.com.mx\/wp-content\/uploads\/2020\/03\/F471F608-BA1A-416B-BA7B-BCFB24F4E6D0.jpeg","jetpack_sharing_enabled":true,"jetpack_likes_enabled":true,"amp_enabled":true,"_links":{"self":[{"href":"https:\/\/encuentroinformativo.com.mx\/index.php?rest_route=\/wp\/v2\/posts\/7435","targetHints":{"allow":["GET"]}}],"collection":[{"href":"https:\/\/encuentroinformativo.com.mx\/index.php?rest_route=\/wp\/v2\/posts"}],"about":[{"href":"https:\/\/encuentroinformativo.com.mx\/index.php?rest_route=\/wp\/v2\/types\/post"}],"author":[{"embeddable":true,"href":"https:\/\/encuentroinformativo.com.mx\/index.php?rest_route=\/wp\/v2\/users\/1"}],"replies":[{"embeddable":true,"href":"https:\/\/encuentroinformativo.com.mx\/index.php?rest_route=%2Fwp%2Fv2%2Fcomments&post=7435"}],"version-history":[{"count":1,"href":"https:\/\/encuentroinformativo.com.mx\/index.php?rest_route=\/wp\/v2\/posts\/7435\/revisions"}],"predecessor-version":[{"id":7436,"href":"https:\/\/encuentroinformativo.com.mx\/index.php?rest_route=\/wp\/v2\/posts\/7435\/revisions\/7436"}],"wp:featuredmedia":[{"embeddable":true,"href":"https:\/\/encuentroinformativo.com.mx\/index.php?rest_route=\/wp\/v2\/media\/488"}],"wp:attachment":[{"href":"https:\/\/encuentroinformativo.com.mx\/index.php?rest_route=%2Fwp%2Fv2%2Fmedia&parent=7435"}],"wp:term":[{"taxonomy":"category","embeddable":true,"href":"https:\/\/encuentroinformativo.com.mx\/index.php?rest_route=%2Fwp%2Fv2%2Fcategories&post=7435"},{"taxonomy":"post_tag","embeddable":true,"href":"https:\/\/encuentroinformativo.com.mx\/index.php?rest_route=%2Fwp%2Fv2%2Ftags&post=7435"}],"curies":[{"name":"wp","href":"https:\/\/api.w.org\/{rel}","templated":true}]}}