{"id":74365,"date":"2026-01-20T13:16:09","date_gmt":"2026-01-20T19:16:09","guid":{"rendered":"https:\/\/encuentroinformativo.com.mx\/?p=74365"},"modified":"2026-01-20T13:16:09","modified_gmt":"2026-01-20T19:16:09","slug":"celebra-iglesia-acciones-de-mantenimiento-a-catedral","status":"publish","type":"post","link":"https:\/\/encuentroinformativo.com.mx\/?p=74365","title":{"rendered":"Celebra Iglesia acciones de mantenimiento a Catedral"},"content":{"rendered":"<p><strong>Dar\u00edo Pale<\/strong><\/p>\n<p>Xalapa, Ver.- La Iglesia cat\u00f3lica expres\u00f3 su benepl\u00e1cito por los trabajos de mantenimiento y embellecimiento que actualmente se realizan en la Catedral Metropolitana de Xalapa, los cuales forman parte de un proceso integral de conservaci\u00f3n del patrimonio hist\u00f3rico y cultural de la ciudad.<\/p>\n<p>El vocero de la Arquidi\u00f3cesis de Xalapa, Juan Beristain de los Santos, explic\u00f3 que este emblem\u00e1tico inmueble, cuya construcci\u00f3n data del a\u00f1o 1800, atraviesa apenas su sexto proceso de mantenimiento en m\u00e1s de dos siglos de historia, lo que resalta la importancia de las labores que hoy se llevan a cabo.<\/p>\n<p>Se\u00f1al\u00f3 que estas acciones no solo contribuyen a la preservaci\u00f3n del recinto religioso, sino que tambi\u00e9n impactan de manera positiva en la imagen urbana del Centro Hist\u00f3rico, en beneficio de los feligreses, visitantes y de la ciudad en general, trabajos que son impulsados por el Gobierno del Estado.<\/p>\n<p>Detall\u00f3 que la intervenci\u00f3n se desarrolla en distintas etapas t\u00e9cnicas y se estima una duraci\u00f3n aproximada de dos meses.<\/p>\n<p>\u201cPrimero se realizan labores de subsanado y raspado hasta identificar posibles da\u00f1os estructurales; posteriormente viene el remozamiento y, finalmente, la aplicaci\u00f3n de la pintura\u201d, precis\u00f3.<\/p>\n<p>Beristain de los Santos subray\u00f3 que el proceso requiere estudios especializados, incluso para la selecci\u00f3n del color, ya que el objetivo es unificar la imagen del primer cuadro de la ciudad.<\/p>\n<p>Indic\u00f3 que el tono elegido ser\u00e1 similar al de otros inmuebles emblem\u00e1ticos, como el Hotel M\u00e9xico, para mantener una unidad visual en el Centro Hist\u00f3rico.<\/p>\n<p>Ante las cr\u00edticas que han surgido por el desarrollo de la obra, el vocero de la Arquidi\u00f3cesis afirm\u00f3 que se trata de un proyecto con una direcci\u00f3n clara y un objetivo definido, ejecutado por personal con la competencia t\u00e9cnica necesaria.<\/p>\n<p>\u201cPedimos comprensi\u00f3n y paciencia, ya que este tipo de trabajos, como ocurri\u00f3 con la rehabilitaci\u00f3n del Palacio de Gobierno, pueden extenderse m\u00e1s de lo previsto debido a imprevistos t\u00e9cnicos\u201d, coment\u00f3.<\/p>\n<p>Finalmente, record\u00f3 que la Catedral Metropolitana ha sido objeto de diversas adecuaciones a lo largo de su historia, especialmente tras la elevaci\u00f3n de Xalapa a Di\u00f3cesis en 1864, lo que explica la presencia de distintos estilos arquitect\u00f3nicos. Destac\u00f3 que la conservaci\u00f3n de espacios emblem\u00e1ticos como este permite mantener viva la historia y fortalecer el valor cultural y espiritual de la capital veracruzana.<\/p>\n","protected":false},"excerpt":{"rendered":"<p>Dar\u00edo Pale Xalapa, Ver.- La Iglesia cat\u00f3lica expres\u00f3 su benepl\u00e1cito por los trabajos de mantenimiento y embellecimiento que actualmente se realizan en la Catedral Metropolitana de Xalapa, los cuales forman parte de un proceso integral de conservaci\u00f3n del patrimonio hist\u00f3rico y cultural de la ciudad. El vocero de la Arquidi\u00f3cesis de Xalapa, Juan Beristain de [&hellip;]<\/p>\n","protected":false},"author":2476,"featured_media":74366,"comment_status":"open","ping_status":"open","sticky":false,"template":"","format":"standard","meta":{"_jetpack_memberships_contains_paid_content":false,"footnotes":""},"categories":[3],"tags":[],"class_list":["post-74365","post","type-post","status-publish","format-standard","has-post-thumbnail","hentry","category-xalapa"],"jetpack_featured_media_url":"https:\/\/encuentroinformativo.com.mx\/wp-content\/uploads\/2026\/01\/IMG-20260120-WA0045.jpg","jetpack_sharing_enabled":true,"jetpack_likes_enabled":true,"amp_enabled":true,"_links":{"self":[{"href":"https:\/\/encuentroinformativo.com.mx\/index.php?rest_route=\/wp\/v2\/posts\/74365","targetHints":{"allow":["GET"]}}],"collection":[{"href":"https:\/\/encuentroinformativo.com.mx\/index.php?rest_route=\/wp\/v2\/posts"}],"about":[{"href":"https:\/\/encuentroinformativo.com.mx\/index.php?rest_route=\/wp\/v2\/types\/post"}],"author":[{"embeddable":true,"href":"https:\/\/encuentroinformativo.com.mx\/index.php?rest_route=\/wp\/v2\/users\/2476"}],"replies":[{"embeddable":true,"href":"https:\/\/encuentroinformativo.com.mx\/index.php?rest_route=%2Fwp%2Fv2%2Fcomments&post=74365"}],"version-history":[{"count":1,"href":"https:\/\/encuentroinformativo.com.mx\/index.php?rest_route=\/wp\/v2\/posts\/74365\/revisions"}],"predecessor-version":[{"id":74367,"href":"https:\/\/encuentroinformativo.com.mx\/index.php?rest_route=\/wp\/v2\/posts\/74365\/revisions\/74367"}],"wp:featuredmedia":[{"embeddable":true,"href":"https:\/\/encuentroinformativo.com.mx\/index.php?rest_route=\/wp\/v2\/media\/74366"}],"wp:attachment":[{"href":"https:\/\/encuentroinformativo.com.mx\/index.php?rest_route=%2Fwp%2Fv2%2Fmedia&parent=74365"}],"wp:term":[{"taxonomy":"category","embeddable":true,"href":"https:\/\/encuentroinformativo.com.mx\/index.php?rest_route=%2Fwp%2Fv2%2Fcategories&post=74365"},{"taxonomy":"post_tag","embeddable":true,"href":"https:\/\/encuentroinformativo.com.mx\/index.php?rest_route=%2Fwp%2Fv2%2Ftags&post=74365"}],"curies":[{"name":"wp","href":"https:\/\/api.w.org\/{rel}","templated":true}]}}