{"id":74368,"date":"2026-01-20T13:24:28","date_gmt":"2026-01-20T19:24:28","guid":{"rendered":"https:\/\/encuentroinformativo.com.mx\/?p=74368"},"modified":"2026-01-20T13:28:38","modified_gmt":"2026-01-20T19:28:38","slug":"en-marzo-iniciara-credencializacion-para-salud-bienestar","status":"publish","type":"post","link":"https:\/\/encuentroinformativo.com.mx\/?p=74368","title":{"rendered":"En marzo, iniciar\u00e1 credencializaci\u00f3n para Salud: Bienestar"},"content":{"rendered":"<p><strong>Dar\u00edo Pale<\/strong><\/p>\n<p>Xalapa, Ver.- El Gobierno de M\u00e9xico pondr\u00e1 en marcha a partir del pr\u00f3ximo 2 de marzo el registro para la nueva credencial de salud, un documento que permitir\u00e1 a la poblaci\u00f3n acceder de manera continua y universal a los servicios m\u00e9dicos p\u00fablicos en el pa\u00eds.<\/p>\n<p>Durante la Conferencia del Pueblo encabezada por la presidenta Claudia Sheinbaum Pardo, la secretaria de Bienestar, Ariadna Montiel Reyes, inform\u00f3 que el proceso de registro se llevar\u00e1 a cabo de manera escalonada, dividiendo a las entidades federativas en dos bloques. En este esquema, Veracruz se incorporar\u00e1 al registro a partir del 23 de marzo.<\/p>\n<p>La funcionaria explic\u00f3 que las personas interesadas deber\u00e1n acudir a los m\u00f3dulos correspondientes para realizar su registro. Posteriormente, ser\u00e1n contactadas v\u00eda telef\u00f3nica o mediante mensaje de texto para conocer la fecha, hora y lugar donde deber\u00e1n recoger su credencial impresa, tr\u00e1mite que se realizar\u00e1 aproximadamente seis semanas despu\u00e9s del registro inicial.<\/p>\n<p>Detall\u00f3 que la credencial f\u00edsica contar\u00e1 con un c\u00f3digo QR que permitir\u00e1 a los beneficiarios descargar la versi\u00f3n digital del documento, lo que facilitar\u00e1 su portabilidad. Este mecanismo garantizar\u00e1 que las personas puedan cambiar de derechohabiencia sin perder el acceso a los servicios de salud, al tratarse de un derecho universal.<\/p>\n<p>Ariadna Montiel precis\u00f3 que la implementaci\u00f3n por etapas responde a criterios operativos y log\u00edsticos, principalmente relacionados con la llegada y distribuci\u00f3n del equipo necesario en cada entidad, con el objetivo de asegurar un proceso ordenado, eficiente y sin contratiempos en todo el pa\u00eds.<\/p>\n<p>Con esta nueva credencial, el Gobierno de M\u00e9xico busca fortalecer el acceso a la salud y garantizar la continuidad en la atenci\u00f3n m\u00e9dica para toda la poblaci\u00f3n.<\/p>\n","protected":false},"excerpt":{"rendered":"<p>Dar\u00edo Pale Xalapa, Ver.- El Gobierno de M\u00e9xico pondr\u00e1 en marcha a partir del pr\u00f3ximo 2 de marzo el registro para la nueva credencial de salud, un documento que permitir\u00e1 a la poblaci\u00f3n acceder de manera continua y universal a los servicios m\u00e9dicos p\u00fablicos en el pa\u00eds. Durante la Conferencia del Pueblo encabezada por la [&hellip;]<\/p>\n","protected":false},"author":2476,"featured_media":74369,"comment_status":"open","ping_status":"open","sticky":false,"template":"","format":"standard","meta":{"_jetpack_memberships_contains_paid_content":false,"footnotes":""},"categories":[12,9],"tags":[],"class_list":["post-74368","post","type-post","status-publish","format-standard","has-post-thumbnail","hentry","category-nacional","category-salud"],"jetpack_featured_media_url":"https:\/\/encuentroinformativo.com.mx\/wp-content\/uploads\/2026\/01\/IMG-20260120-WA0055.jpg","jetpack_sharing_enabled":true,"jetpack_likes_enabled":true,"amp_enabled":true,"_links":{"self":[{"href":"https:\/\/encuentroinformativo.com.mx\/index.php?rest_route=\/wp\/v2\/posts\/74368","targetHints":{"allow":["GET"]}}],"collection":[{"href":"https:\/\/encuentroinformativo.com.mx\/index.php?rest_route=\/wp\/v2\/posts"}],"about":[{"href":"https:\/\/encuentroinformativo.com.mx\/index.php?rest_route=\/wp\/v2\/types\/post"}],"author":[{"embeddable":true,"href":"https:\/\/encuentroinformativo.com.mx\/index.php?rest_route=\/wp\/v2\/users\/2476"}],"replies":[{"embeddable":true,"href":"https:\/\/encuentroinformativo.com.mx\/index.php?rest_route=%2Fwp%2Fv2%2Fcomments&post=74368"}],"version-history":[{"count":1,"href":"https:\/\/encuentroinformativo.com.mx\/index.php?rest_route=\/wp\/v2\/posts\/74368\/revisions"}],"predecessor-version":[{"id":74370,"href":"https:\/\/encuentroinformativo.com.mx\/index.php?rest_route=\/wp\/v2\/posts\/74368\/revisions\/74370"}],"wp:featuredmedia":[{"embeddable":true,"href":"https:\/\/encuentroinformativo.com.mx\/index.php?rest_route=\/wp\/v2\/media\/74369"}],"wp:attachment":[{"href":"https:\/\/encuentroinformativo.com.mx\/index.php?rest_route=%2Fwp%2Fv2%2Fmedia&parent=74368"}],"wp:term":[{"taxonomy":"category","embeddable":true,"href":"https:\/\/encuentroinformativo.com.mx\/index.php?rest_route=%2Fwp%2Fv2%2Fcategories&post=74368"},{"taxonomy":"post_tag","embeddable":true,"href":"https:\/\/encuentroinformativo.com.mx\/index.php?rest_route=%2Fwp%2Fv2%2Ftags&post=74368"}],"curies":[{"name":"wp","href":"https:\/\/api.w.org\/{rel}","templated":true}]}}