{"id":74379,"date":"2026-01-20T13:51:16","date_gmt":"2026-01-20T19:51:16","guid":{"rendered":"https:\/\/encuentroinformativo.com.mx\/?p=74379"},"modified":"2026-01-20T13:51:16","modified_gmt":"2026-01-20T19:51:16","slug":"joven-madre-acusa-violencia-vicaria-pide-apoyo-de-las-autoridades","status":"publish","type":"post","link":"https:\/\/encuentroinformativo.com.mx\/?p=74379","title":{"rendered":"Joven madre acusa violencia vicaria, pide apoyo de las autoridades"},"content":{"rendered":"<p><strong>Dar\u00edo Pale<\/strong><\/p>\n<p>Xalapa, Ver.- Acusa que su expareja le niega la convivencia desde diciembre y condiciona el contacto con la menor, pide a autoridades actuar con perspectiva de g\u00e9nero y garantizar el inter\u00e9s superior de la ni\u00f1ez.<\/p>\n<p>Jocelyne S\u00e1nchez Maldonado, de 31 a\u00f1os de edad, denunci\u00f3 ser v\u00edctima de violencia vicaria, luego de que su hija de apenas un a\u00f1o fuera sustra\u00edda por su padre el pasado 19 de diciembre de 2025, sin que desde entonces se le haya permitido convivir con la menor.<\/p>\n<p>De acuerdo con su testimonio, su expareja Marcelo le ha quitado a la beb\u00e9 en al menos cuatro ocasiones, siendo la m\u00e1s reciente hace poco m\u00e1s de un mes, situaci\u00f3n que \u2014afirm\u00f3\u2014 ha sido utilizada como una forma de afectarla emocionalmente y ejercer control sobre ella.<\/p>\n<p>La joven madre se\u00f1al\u00f3 que el padre de la menor condiciona la convivencia y le exige acudir a su domicilio, a pesar de que rompi\u00f3 toda relaci\u00f3n con \u00e9l desde julio de 2025 y decidi\u00f3 iniciar acciones legales ante la Fiscal\u00eda General del Estado.<\/p>\n<p>\u201cMe ha negado ver a mi beb\u00e9. Ella es una beb\u00e9 de un a\u00f1o y durante todo este proceso esta persona se ha mostrado agresiva. Quiere que yo vaya a su casa, cuando desde julio romp\u00ed todo lazo con \u00e9l y decid\u00ed interponer las denuncias correspondientes en la Fiscal\u00eda\u201d, expres\u00f3.<\/p>\n<p>Detall\u00f3 que entre noviembre y diciembre del a\u00f1o pasado present\u00f3 diversas denuncias: la carpeta 554\/2025 ante la Fiscal\u00eda 3 por violencia de g\u00e9nero; la 571\/2025 ante la Fiscal\u00eda 2 por sustracci\u00f3n de menores; y la m\u00e1s reciente, la 16\/2026 ante la Fiscal\u00eda 3 por violencia vicaria.<\/p>\n<p>S\u00e1nchez Maldonado acus\u00f3 que su expareja utiliza a la menor para da\u00f1arla emocionalmente, incluso mediante la publicaci\u00f3n de fotograf\u00edas de la beb\u00e9 en redes sociales, lo que considera parte de este tipo de violencia.<\/p>\n<p>\u201cSube im\u00e1genes de mi beb\u00e9 de espaldas, de su piecito, con el fin de que yo me ponga mal emocionalmente o regrese al v\u00ednculo que ten\u00edamos antes. Esto es violencia vicaria. \u00c9l exige que yo vaya a su casa cuando yo ya no quiero ir; yo me mantengo al margen y estoy esperando a que el proceso siga ante un juzgado\u201d, explic\u00f3.<\/p>\n<p>Relat\u00f3 que en octubre de 2025, mientras se encontraba hospitalizada en el IMSS, el padre de la ni\u00f1a acudi\u00f3 al domicilio de su madre, amenaz\u00f3 a la persona que cuidaba a la beb\u00e9 y se la llev\u00f3 a distintas ciudades del estado.<\/p>\n<p>\u201cActualmente es la cuarta vez que me quita a mi beb\u00e9. El 19 de diciembre se cumpli\u00f3 un mes y un d\u00eda desde que me la arrebat\u00f3 por cuarta vez y desde entonces me ha sido negada la convivencia\u201d, narr\u00f3.<\/p>\n<p>Agreg\u00f3 que existe un Centro de Convivencia Familiar en San Andr\u00e9s Tuxtla, donde podr\u00eda ver a su hija de manera segura y supervisada; sin embargo, hasta el momento no se ha concretado ning\u00fan acuerdo para ello.<\/p>\n<p>Asimismo, denunci\u00f3 que durante una diligencia de dep\u00f3sito judicial realizada el 21 de octubre, se le se\u00f1al\u00f3 falsamente de padecer trastornos mentales y de mantener a su hija en estado de abandono, lo cual rechaz\u00f3 categ\u00f3ricamente.<\/p>\n<p>\u201cLa juez que decret\u00f3 el dep\u00f3sito judicial lo hizo con falsedades y mentiras, argumentando que padezco trastornos mentales y esquizofrenia, cuando no existe ning\u00fan documento que avale dichos diagn\u00f3sticos. Es totalmente falso\u201d, sostuvo.<\/p>\n<p>Finalmente, Jocelyne S\u00e1nchez indic\u00f3 que cuenta con medidas de protecci\u00f3n y restricci\u00f3n debido al temor que le genera su expareja, a quien describi\u00f3 como una persona agresiva y presuntamente portadora de armas, por lo que solicit\u00f3 a las autoridades judiciales y ministeriales que act\u00faen con perspectiva de g\u00e9nero y prioricen el inter\u00e9s superior de la ni\u00f1ez para garantizar su derecho a convivir con su hija en condiciones seguras.<\/p>\n","protected":false},"excerpt":{"rendered":"<p>Dar\u00edo Pale Xalapa, Ver.- Acusa que su expareja le niega la convivencia desde diciembre y condiciona el contacto con la menor, pide a autoridades actuar con perspectiva de g\u00e9nero y garantizar el inter\u00e9s superior de la ni\u00f1ez. Jocelyne S\u00e1nchez Maldonado, de 31 a\u00f1os de edad, denunci\u00f3 ser v\u00edctima de violencia vicaria, luego de que su [&hellip;]<\/p>\n","protected":false},"author":2476,"featured_media":74380,"comment_status":"open","ping_status":"open","sticky":false,"template":"","format":"standard","meta":{"_jetpack_memberships_contains_paid_content":false,"footnotes":""},"categories":[3],"tags":[],"class_list":["post-74379","post","type-post","status-publish","format-standard","has-post-thumbnail","hentry","category-xalapa"],"jetpack_featured_media_url":"https:\/\/encuentroinformativo.com.mx\/wp-content\/uploads\/2026\/01\/IMG-20260120-WA0139-scaled.jpg","jetpack_sharing_enabled":true,"jetpack_likes_enabled":true,"amp_enabled":true,"_links":{"self":[{"href":"https:\/\/encuentroinformativo.com.mx\/index.php?rest_route=\/wp\/v2\/posts\/74379","targetHints":{"allow":["GET"]}}],"collection":[{"href":"https:\/\/encuentroinformativo.com.mx\/index.php?rest_route=\/wp\/v2\/posts"}],"about":[{"href":"https:\/\/encuentroinformativo.com.mx\/index.php?rest_route=\/wp\/v2\/types\/post"}],"author":[{"embeddable":true,"href":"https:\/\/encuentroinformativo.com.mx\/index.php?rest_route=\/wp\/v2\/users\/2476"}],"replies":[{"embeddable":true,"href":"https:\/\/encuentroinformativo.com.mx\/index.php?rest_route=%2Fwp%2Fv2%2Fcomments&post=74379"}],"version-history":[{"count":1,"href":"https:\/\/encuentroinformativo.com.mx\/index.php?rest_route=\/wp\/v2\/posts\/74379\/revisions"}],"predecessor-version":[{"id":74381,"href":"https:\/\/encuentroinformativo.com.mx\/index.php?rest_route=\/wp\/v2\/posts\/74379\/revisions\/74381"}],"wp:featuredmedia":[{"embeddable":true,"href":"https:\/\/encuentroinformativo.com.mx\/index.php?rest_route=\/wp\/v2\/media\/74380"}],"wp:attachment":[{"href":"https:\/\/encuentroinformativo.com.mx\/index.php?rest_route=%2Fwp%2Fv2%2Fmedia&parent=74379"}],"wp:term":[{"taxonomy":"category","embeddable":true,"href":"https:\/\/encuentroinformativo.com.mx\/index.php?rest_route=%2Fwp%2Fv2%2Fcategories&post=74379"},{"taxonomy":"post_tag","embeddable":true,"href":"https:\/\/encuentroinformativo.com.mx\/index.php?rest_route=%2Fwp%2Fv2%2Ftags&post=74379"}],"curies":[{"name":"wp","href":"https:\/\/api.w.org\/{rel}","templated":true}]}}