{"id":74385,"date":"2026-01-20T14:08:20","date_gmt":"2026-01-20T20:08:20","guid":{"rendered":"https:\/\/encuentroinformativo.com.mx\/?p=74385"},"modified":"2026-01-20T14:08:20","modified_gmt":"2026-01-20T20:08:20","slug":"oportunismo-politico-atacar-legado-de-fidel-herrera-afirma-lider-del-pvem","status":"publish","type":"post","link":"https:\/\/encuentroinformativo.com.mx\/?p=74385","title":{"rendered":"Oportunismo pol\u00edtico atacar legado de Fidel Herrera, afirma l\u00edder del PVEM\u00a0"},"content":{"rendered":"<p><strong>Alejandro \u00c1vila<\/strong><\/p>\n<p>Veracruz, Ver.- La difamaci\u00f3n de la que fue objeto el ex gobernador, Fidel Herrera Beltr\u00e1n, es una prueba de que sigue incomodando porque como pol\u00edtico marc\u00f3 \u00e9poca, se\u00f1al\u00f3 el presidente del Partido Verde en Veracruz, Edgar Herrera Lendechy.<\/p>\n<p>En ese sentido, dijo que el ataque medi\u00e1tico realizado por Sa\u00fal Monreal, solo es oportunismo pol\u00edtico.<\/p>\n<p>\u201cCuando un personaje sigue siendo tema, es porque dej\u00f3 huella. Fidel Herrera marc\u00f3 una \u00e9poca y eso a muchos les incomoda. No naci\u00f3 en la \u00e9lite del poder, vino de la Cuenca del Papaloapan y, con talento y m\u00edstica, construy\u00f3 un movimiento pol\u00edtico-social\u201d, puntualiz\u00f3.<\/p>\n<p>Afirm\u00f3 que quienes hoy lo critican deber\u00edan dimensionar lo que signific\u00f3 gobernar Veracruz.<\/p>\n<p>\u201cPara se\u00f1alar hay que haber tenido el tama\u00f1o pol\u00edtico de gobernar un estado con la complejidad de Veracruz. La historia no se improvisa\u201d, dijo en entrevista.<\/p>\n<p>Con respecto a la elecci\u00f3n extraordinaria en Tamiahua, destac\u00f3 que el Partido Verde mantiene un proyecto s\u00f3lido, con identidad propia y respaldo ciudadano.<\/p>\n<p>\u201cEn Tamiahua no hay ocurrencias, hay trabajo, estructura y resultados. La gente ya decidi\u00f3 y valid\u00f3 este proyecto\u201d, remat\u00f3.<\/p>\n","protected":false},"excerpt":{"rendered":"<p>Alejandro \u00c1vila Veracruz, Ver.- La difamaci\u00f3n de la que fue objeto el ex gobernador, Fidel Herrera Beltr\u00e1n, es una prueba de que sigue incomodando porque como pol\u00edtico marc\u00f3 \u00e9poca, se\u00f1al\u00f3 el presidente del Partido Verde en Veracruz, Edgar Herrera Lendechy. En ese sentido, dijo que el ataque medi\u00e1tico realizado por Sa\u00fal Monreal, solo es oportunismo [&hellip;]<\/p>\n","protected":false},"author":2476,"featured_media":74386,"comment_status":"open","ping_status":"open","sticky":false,"template":"","format":"standard","meta":{"_jetpack_memberships_contains_paid_content":false,"footnotes":""},"categories":[2],"tags":[],"class_list":["post-74385","post","type-post","status-publish","format-standard","has-post-thumbnail","hentry","category-estado"],"jetpack_featured_media_url":"https:\/\/encuentroinformativo.com.mx\/wp-content\/uploads\/2026\/01\/IMG-20260120-WA00572.jpg","jetpack_sharing_enabled":true,"jetpack_likes_enabled":true,"amp_enabled":true,"_links":{"self":[{"href":"https:\/\/encuentroinformativo.com.mx\/index.php?rest_route=\/wp\/v2\/posts\/74385","targetHints":{"allow":["GET"]}}],"collection":[{"href":"https:\/\/encuentroinformativo.com.mx\/index.php?rest_route=\/wp\/v2\/posts"}],"about":[{"href":"https:\/\/encuentroinformativo.com.mx\/index.php?rest_route=\/wp\/v2\/types\/post"}],"author":[{"embeddable":true,"href":"https:\/\/encuentroinformativo.com.mx\/index.php?rest_route=\/wp\/v2\/users\/2476"}],"replies":[{"embeddable":true,"href":"https:\/\/encuentroinformativo.com.mx\/index.php?rest_route=%2Fwp%2Fv2%2Fcomments&post=74385"}],"version-history":[{"count":1,"href":"https:\/\/encuentroinformativo.com.mx\/index.php?rest_route=\/wp\/v2\/posts\/74385\/revisions"}],"predecessor-version":[{"id":74387,"href":"https:\/\/encuentroinformativo.com.mx\/index.php?rest_route=\/wp\/v2\/posts\/74385\/revisions\/74387"}],"wp:featuredmedia":[{"embeddable":true,"href":"https:\/\/encuentroinformativo.com.mx\/index.php?rest_route=\/wp\/v2\/media\/74386"}],"wp:attachment":[{"href":"https:\/\/encuentroinformativo.com.mx\/index.php?rest_route=%2Fwp%2Fv2%2Fmedia&parent=74385"}],"wp:term":[{"taxonomy":"category","embeddable":true,"href":"https:\/\/encuentroinformativo.com.mx\/index.php?rest_route=%2Fwp%2Fv2%2Fcategories&post=74385"},{"taxonomy":"post_tag","embeddable":true,"href":"https:\/\/encuentroinformativo.com.mx\/index.php?rest_route=%2Fwp%2Fv2%2Ftags&post=74385"}],"curies":[{"name":"wp","href":"https:\/\/api.w.org\/{rel}","templated":true}]}}