{"id":74388,"date":"2026-01-20T14:33:11","date_gmt":"2026-01-20T20:33:11","guid":{"rendered":"https:\/\/encuentroinformativo.com.mx\/?p=74388"},"modified":"2026-01-20T14:33:11","modified_gmt":"2026-01-20T20:33:11","slug":"ajuste-de-aumento-salarial-debe-llevar-incentivos-insisten-empresarios","status":"publish","type":"post","link":"https:\/\/encuentroinformativo.com.mx\/?p=74388","title":{"rendered":"Ajuste de aumento salarial debe llevar incentivos, insisten empresarios"},"content":{"rendered":"<p><strong>Dar\u00edo Pale<\/strong><\/p>\n<p>Xalapa, Ver.- El presidente de la C\u00e1mara Nacional de Comercio (CANACO) Xalapa, Luis Francisco Llera Hern\u00e1ndez, consider\u00f3 positivo el incremento al salario m\u00ednimo, al se\u00f1alar que beneficia directamente a los trabajadores y al entorno comercial mediante el aumento del consumo; sin embargo, subray\u00f3 que este ajuste debe ir acompa\u00f1ado de apoyos y beneficios para las empresas.<\/p>\n<p>Explic\u00f3 que, para el sector comercio, el aumento al salario m\u00ednimo representa un incremento en los gastos operativos, ya que impacta directamente en conceptos como las cuotas del IMSS, Infonavit y otras obligaciones patronales, lo que eventualmente se traduce en un alza de precios que, en muchos casos, termina siendo absorbida por el consumidor.<\/p>\n<p>\u201cPara el comercio, el salario m\u00ednimo implica un incremento de gastos operativos, y esto se trasluce en un impacto similar a un aumento de precios\u201d, se\u00f1al\u00f3.<\/p>\n<p>En otro tema, Llera Hern\u00e1ndez inform\u00f3 que el d\u00eda de ayer se llev\u00f3 a cabo una reuni\u00f3n con la presidenta municipal de Xalapa Daniela Griego Ceballos, convocada por el Consejo Empresarial Metropolitano, en la que particip\u00f3 parte del consejo directivo de dicho organismo.<\/p>\n<p>El objetivo del encuentro, dijo, fue refrendar el respaldo total del sector empresarial a la alcaldesa, as\u00ed como establecer una agenda de trabajo conjunta.<\/p>\n<p>Detall\u00f3 que la intenci\u00f3n es ser proactivos, colaborar y generar sinergias en temas que afectan al sector, como la construcci\u00f3n de caminos que faciliten la actividad comercial, la reducci\u00f3n de regulaciones excesivas y la implementaci\u00f3n de acciones a favor del medio ambiente.<\/p>\n<p>Para dar seguimiento a estos temas, adelant\u00f3 que se establecer\u00e1n mesas de trabajo con distintas direcciones municipales, tal como lo plante\u00f3 la propia alcaldesa, con el fin de obtener resultados concretos y mejorar la atenci\u00f3n al sector empresarial.<\/p>\n<p>El dirigente de CANACO Xalapa destac\u00f3 que actualmente existe una buena relaci\u00f3n con las autoridades municipales, al percibirse voluntad, sensibilidad y disposici\u00f3n para trabajar de manera conjunta.<\/p>\n<p>\u201cHay ganas de trabajar y eso es un buen s\u00edntoma. Estamos convencidos de que el sector p\u00fablico y el privado deben caminar juntos para fortalecer \u00e1reas de oportunidad, en beneficio tanto de la sociedad como del sector empresarial\u201d, concluy\u00f3.<\/p>\n","protected":false},"excerpt":{"rendered":"<p>Dar\u00edo Pale Xalapa, Ver.- El presidente de la C\u00e1mara Nacional de Comercio (CANACO) Xalapa, Luis Francisco Llera Hern\u00e1ndez, consider\u00f3 positivo el incremento al salario m\u00ednimo, al se\u00f1alar que beneficia directamente a los trabajadores y al entorno comercial mediante el aumento del consumo; sin embargo, subray\u00f3 que este ajuste debe ir acompa\u00f1ado de apoyos y beneficios [&hellip;]<\/p>\n","protected":false},"author":2476,"featured_media":74389,"comment_status":"open","ping_status":"open","sticky":false,"template":"","format":"standard","meta":{"_jetpack_memberships_contains_paid_content":false,"footnotes":""},"categories":[3],"tags":[],"class_list":["post-74388","post","type-post","status-publish","format-standard","has-post-thumbnail","hentry","category-xalapa"],"jetpack_featured_media_url":"https:\/\/encuentroinformativo.com.mx\/wp-content\/uploads\/2026\/01\/IMG-20260120-WA0156.jpg","jetpack_sharing_enabled":true,"jetpack_likes_enabled":true,"amp_enabled":true,"_links":{"self":[{"href":"https:\/\/encuentroinformativo.com.mx\/index.php?rest_route=\/wp\/v2\/posts\/74388","targetHints":{"allow":["GET"]}}],"collection":[{"href":"https:\/\/encuentroinformativo.com.mx\/index.php?rest_route=\/wp\/v2\/posts"}],"about":[{"href":"https:\/\/encuentroinformativo.com.mx\/index.php?rest_route=\/wp\/v2\/types\/post"}],"author":[{"embeddable":true,"href":"https:\/\/encuentroinformativo.com.mx\/index.php?rest_route=\/wp\/v2\/users\/2476"}],"replies":[{"embeddable":true,"href":"https:\/\/encuentroinformativo.com.mx\/index.php?rest_route=%2Fwp%2Fv2%2Fcomments&post=74388"}],"version-history":[{"count":1,"href":"https:\/\/encuentroinformativo.com.mx\/index.php?rest_route=\/wp\/v2\/posts\/74388\/revisions"}],"predecessor-version":[{"id":74390,"href":"https:\/\/encuentroinformativo.com.mx\/index.php?rest_route=\/wp\/v2\/posts\/74388\/revisions\/74390"}],"wp:featuredmedia":[{"embeddable":true,"href":"https:\/\/encuentroinformativo.com.mx\/index.php?rest_route=\/wp\/v2\/media\/74389"}],"wp:attachment":[{"href":"https:\/\/encuentroinformativo.com.mx\/index.php?rest_route=%2Fwp%2Fv2%2Fmedia&parent=74388"}],"wp:term":[{"taxonomy":"category","embeddable":true,"href":"https:\/\/encuentroinformativo.com.mx\/index.php?rest_route=%2Fwp%2Fv2%2Fcategories&post=74388"},{"taxonomy":"post_tag","embeddable":true,"href":"https:\/\/encuentroinformativo.com.mx\/index.php?rest_route=%2Fwp%2Fv2%2Ftags&post=74388"}],"curies":[{"name":"wp","href":"https:\/\/api.w.org\/{rel}","templated":true}]}}