{"id":7439,"date":"2020-10-28T11:51:45","date_gmt":"2020-10-28T17:51:45","guid":{"rendered":"https:\/\/encuentroinformativo.com.mx\/?p=7439"},"modified":"2020-10-28T11:52:24","modified_gmt":"2020-10-28T17:52:24","slug":"volver-a-semaforo-rojo-colapsaria-economia-xalapa","status":"publish","type":"post","link":"https:\/\/encuentroinformativo.com.mx\/?p=7439","title":{"rendered":"Volver a sem\u00e1foro rojo colapsar\u00eda econom\u00eda en Xalapa"},"content":{"rendered":"\n<p><strong>Dar\u00edo Pale <\/strong><\/p>\n\n\n\n<p>Xalapa, Ver.- El regidor d\u00e9cimo del ayuntamiento de Xalapa Juan Gabriel Fern\u00e1ndez Garibay dio a conocer que la econom\u00eda de la capital esta muy golpeada, por lo que hace un llamado a la sociedad ya que todos debemos cuidarnos y seguir los consejos que da la secretar\u00eda de Salud para evitar volver al sem\u00e1foro rojo.<\/p>\n\n\n\n<p>Entrevistado en conocido caf\u00e9 del centro de Xalapa se\u00f1al\u00f3 que &#8220;irnos al sem\u00e1foro rojo ser\u00eda verdaderamente un golpe del cual dif\u00edcilmente se podr\u00eda reponer el comercio o la sociedad, la misma OMS en Europa acaba de decir que ser\u00eda garrafal regresar a una estrategia de confinamiento, tenemos que hacer otro tipo de medidas&#8221;.<\/p>\n\n\n\n<p>Dio a conocer que en varias ocasiones ha solicitado en el consejo de protocolos de sanidad y seguridad que cumplan con su deber como autoridades, tal como es el huso correcto de cubre bocas, dar seguimiento no s\u00f3lo en las colonias del centro o en las plazas si no que tambi\u00e9n deben de trabajar en la periferia que es donde se trae una situaci\u00f3n de falta de conocimiento.<\/p>\n\n\n\n<p>Se\u00f1al\u00f3 que mandar al encierro a la gente ser\u00eda catastr\u00f3fico y ser\u00eda el peor error que podr\u00edan cometer y muchas personas le han externado que si van a cerrar los negocios de nuevo que tambi\u00e9n les cierren los cobros, ya que el ayuntamiento se ha quedado muy corto en esta pandemia ya que las necesidades que se tienen son inmensas.<\/p>\n\n\n\n<p>&#8220;O hacemos sinergia con la iniciativa privada o no vamos a salir de esto, lo vuelvo a decir esto no es de colores ni de partidos es de sentido com\u00fan&#8221;, coment\u00f3.<\/p>\n\n\n\n<p>Finalmente en otro orden de ideas en cuanto a los informes que est\u00e1 realizando el alcalde de Xalapa en las colonias se\u00f1al\u00f3 que nunca les han informado nada y lo mismo le pas\u00f3 a varios ediles, por lo que hace un llamado que no es correcto estar llamando en estos momentos a realizar aglomeraciones de gente, ya que no hay excusa a menos de que sea una situaci\u00f3n de emergencia o de trabajo, por lo que eso es incorrecto.<\/p>\n","protected":false},"excerpt":{"rendered":"<p>Dar\u00edo Pale Xalapa, Ver.- El regidor d\u00e9cimo del ayuntamiento de Xalapa Juan Gabriel Fern\u00e1ndez Garibay dio a conocer que la econom\u00eda de la capital esta muy golpeada, por lo que hace un llamado a la sociedad ya que todos debemos cuidarnos y seguir los consejos que da la secretar\u00eda de Salud para evitar volver al [&hellip;]<\/p>\n","protected":false},"author":1,"featured_media":5338,"comment_status":"open","ping_status":"open","sticky":false,"template":"","format":"standard","meta":{"_jetpack_memberships_contains_paid_content":false,"footnotes":""},"categories":[3],"tags":[],"class_list":["post-7439","post","type-post","status-publish","format-standard","has-post-thumbnail","hentry","category-xalapa"],"jetpack_featured_media_url":"https:\/\/encuentroinformativo.com.mx\/wp-content\/uploads\/2020\/08\/negocios.jpg","jetpack_sharing_enabled":true,"jetpack_likes_enabled":true,"amp_enabled":true,"_links":{"self":[{"href":"https:\/\/encuentroinformativo.com.mx\/index.php?rest_route=\/wp\/v2\/posts\/7439","targetHints":{"allow":["GET"]}}],"collection":[{"href":"https:\/\/encuentroinformativo.com.mx\/index.php?rest_route=\/wp\/v2\/posts"}],"about":[{"href":"https:\/\/encuentroinformativo.com.mx\/index.php?rest_route=\/wp\/v2\/types\/post"}],"author":[{"embeddable":true,"href":"https:\/\/encuentroinformativo.com.mx\/index.php?rest_route=\/wp\/v2\/users\/1"}],"replies":[{"embeddable":true,"href":"https:\/\/encuentroinformativo.com.mx\/index.php?rest_route=%2Fwp%2Fv2%2Fcomments&post=7439"}],"version-history":[{"count":2,"href":"https:\/\/encuentroinformativo.com.mx\/index.php?rest_route=\/wp\/v2\/posts\/7439\/revisions"}],"predecessor-version":[{"id":7441,"href":"https:\/\/encuentroinformativo.com.mx\/index.php?rest_route=\/wp\/v2\/posts\/7439\/revisions\/7441"}],"wp:featuredmedia":[{"embeddable":true,"href":"https:\/\/encuentroinformativo.com.mx\/index.php?rest_route=\/wp\/v2\/media\/5338"}],"wp:attachment":[{"href":"https:\/\/encuentroinformativo.com.mx\/index.php?rest_route=%2Fwp%2Fv2%2Fmedia&parent=7439"}],"wp:term":[{"taxonomy":"category","embeddable":true,"href":"https:\/\/encuentroinformativo.com.mx\/index.php?rest_route=%2Fwp%2Fv2%2Fcategories&post=7439"},{"taxonomy":"post_tag","embeddable":true,"href":"https:\/\/encuentroinformativo.com.mx\/index.php?rest_route=%2Fwp%2Fv2%2Ftags&post=7439"}],"curies":[{"name":"wp","href":"https:\/\/api.w.org\/{rel}","templated":true}]}}