{"id":74392,"date":"2026-01-21T08:45:43","date_gmt":"2026-01-21T14:45:43","guid":{"rendered":"https:\/\/encuentroinformativo.com.mx\/?p=74392"},"modified":"2026-01-21T08:45:43","modified_gmt":"2026-01-21T14:45:43","slug":"rosa-maria-y-hermida-fidel-y-javier","status":"publish","type":"post","link":"https:\/\/encuentroinformativo.com.mx\/?p=74392","title":{"rendered":"ROSA MAR\u00cdA Y HERMIDA; FIDEL Y JAVIER"},"content":{"rendered":"<p dir=\"ltr\"><strong>Los Pol\u00edticos<\/strong><\/p>\n<p dir=\"ltr\"><strong>Salvador Mu\u00f1oz<\/strong><\/p>\n<p dir=\"ltr\">Si hay en el Ayuntamiento una figura que destaque, sin duda alguna ser\u00e1 el presidente o presidenta (con A, dicen)&#8230; si hay en el Ayuntamiento una figura condenada al ostracismo al menos durante cuatro a\u00f1os, ser\u00e1 el regidor o la regidora, aunque de ello dependa mucho su disposici\u00f3n a ser parte pasiva de la actividad municipal, o ser voz de los ciudadanos en el Cabildo y en Comisiones que le competan\u2026<\/p>\n<p dir=\"ltr\">Hay que agregar algo\u2026 igual mucha responsabilidad tendr\u00e1 el o la presidenta municipal el aprovechar experiencia y conocimiento de su cuerpo edilicio\u2026 o simplemente hacerlo \u201cdama de compa\u00f1\u00eda\u201d en su paso por la administraci\u00f3n municipal.<\/p>\n<p dir=\"ltr\">Un buen ejemplo de ello, en lo positivo, es Rosa Mar\u00eda Hern\u00e1ndez Espejo, quien en la integraci\u00f3n de las Comisiones, tuvo a bien proponer a Miguel \u00c1ngel Hermida Copado como titular de una nueva Comisi\u00f3n: La de Desarrollo Portuario.<\/p>\n<p dir=\"ltr\">No s\u00e9 si el resto del Cabildo fue agarrado por sorpresa con esta propuesta, pero dicen que el primer sorprendido fue Miguel Hermida Copado.<\/p>\n<p dir=\"ltr\">No es para menos\u2026 su paso por el Congreso local lo dej\u00f3 como escamado\u2026 si no mal recuerdo, si tuvo vocal\u00edas, fue mucho, pero encabezar una comisi\u00f3n, nom\u00e1s nones!<\/p>\n<p dir=\"ltr\">Pero no es por cuatismo, o porque le haya ca\u00eddo bien a la alcaldesa el regidor panista. Es seguro que Rosa Mar\u00eda haya le\u00eddo al derecho y al rev\u00e9s los conocimientos y experiencia de Hermida y su propuesta es un voto de confianza ajeno a colores y siglas.<\/p>\n<p dir=\"ltr\">Con ello, Rosa Mar\u00eda marca la l\u00ednea de su trabajo: el jarocho y la jarocha por encima de cualquier cosa. Ahora a esperar que Miguel Hermida haga lo que sabe hacer, para responder a esa confianza que en t\u00e9rminos llanos, el pueblo de Veracruz, a trav\u00e9s del Cabildo, le han otorgado.<\/p>\n<p dir=\"ltr\"><strong>FIDEL Y JAVIER<\/strong><\/p>\n<p dir=\"ltr\">Por qu\u00e9 Fidel y no Javier? Se habla de los comentarios poco acertados del senador Sa\u00fal Monreal \u00c1vila, quien refiri\u00f3 en programa de TV que Fidel Herrera Beltr\u00e1n, junto con otros\u00a0ex gobernadores, \u201cfueron detenidos por corruptos\u201d. No es defensa del oriundo de Nopaltepec, simplemente no es cierto.<\/p>\n<p dir=\"ltr\">El asunto es que Fidel Herrera Borunda, uno de los hijos del T\u00edo, quien ten\u00eda rato que no aparec\u00eda en palestra, sali\u00f3 a retar al senador morenista\u2026 mientras Javier Herrera Borunda guard\u00f3 silencio.<\/p>\n<p dir=\"ltr\">\u00bfPor qu\u00e9 Fidel y no Javier?<\/p>\n<p dir=\"ltr\">Y la pregunta obedece porque se supone que el segundo es el pol\u00edtico, el que est\u00e1 en la grilla, el que se hace chaquetas mentales so\u00f1ando con ser candidato a Gobernador para este 2030\u2026 mientras que el otro, se reserva, guarda la distancia tanto de lo pol\u00edtico como de Veracruz\u2026 \u00a1hasta que ofendieron la memoria de su padre! Fidel junior sac\u00f3 la casta\u2026 el otro agach\u00f3 la cerviz\u2026<\/p>\n<p dir=\"ltr\">A lo mejor pol\u00edticamente se pudiera decir que pega m\u00e1s Fidel Herrera que Javier Herrera pero la respuesta es m\u00e1s simple: Javier parece ya hijo putativo de Ricardo Monreal\u2026 vamos, no s\u00f3lo son compa\u00f1eros en San L\u00e1zaro, sino que Javier es Profesor Adjunto con el diputado moreno en la\u00a0Divisi\u00f3n de Estudios de Posgrado de la UNAM\u2026 y pues c\u00f3mo patear el pesebre! Por eso Fidel, y no Javier\u2026<\/p>\n","protected":false},"excerpt":{"rendered":"<p>Los Pol\u00edticos Salvador Mu\u00f1oz Si hay en el Ayuntamiento una figura que destaque, sin duda alguna ser\u00e1 el presidente o presidenta (con A, dicen)&#8230; si hay en el Ayuntamiento una figura condenada al ostracismo al menos durante cuatro a\u00f1os, ser\u00e1 el regidor o la regidora, aunque de ello dependa mucho su disposici\u00f3n a ser parte [&hellip;]<\/p>\n","protected":false},"author":2476,"featured_media":387,"comment_status":"open","ping_status":"open","sticky":false,"template":"","format":"standard","meta":{"_jetpack_memberships_contains_paid_content":false,"footnotes":""},"categories":[11],"tags":[],"class_list":["post-74392","post","type-post","status-publish","format-standard","has-post-thumbnail","hentry","category-opinion"],"jetpack_featured_media_url":"https:\/\/encuentroinformativo.com.mx\/wp-content\/uploads\/2020\/03\/7CF8A22B-2764-47BE-8F7F-38FE9E5D6A2F.jpeg","jetpack_sharing_enabled":true,"jetpack_likes_enabled":true,"amp_enabled":true,"_links":{"self":[{"href":"https:\/\/encuentroinformativo.com.mx\/index.php?rest_route=\/wp\/v2\/posts\/74392","targetHints":{"allow":["GET"]}}],"collection":[{"href":"https:\/\/encuentroinformativo.com.mx\/index.php?rest_route=\/wp\/v2\/posts"}],"about":[{"href":"https:\/\/encuentroinformativo.com.mx\/index.php?rest_route=\/wp\/v2\/types\/post"}],"author":[{"embeddable":true,"href":"https:\/\/encuentroinformativo.com.mx\/index.php?rest_route=\/wp\/v2\/users\/2476"}],"replies":[{"embeddable":true,"href":"https:\/\/encuentroinformativo.com.mx\/index.php?rest_route=%2Fwp%2Fv2%2Fcomments&post=74392"}],"version-history":[{"count":1,"href":"https:\/\/encuentroinformativo.com.mx\/index.php?rest_route=\/wp\/v2\/posts\/74392\/revisions"}],"predecessor-version":[{"id":74393,"href":"https:\/\/encuentroinformativo.com.mx\/index.php?rest_route=\/wp\/v2\/posts\/74392\/revisions\/74393"}],"wp:featuredmedia":[{"embeddable":true,"href":"https:\/\/encuentroinformativo.com.mx\/index.php?rest_route=\/wp\/v2\/media\/387"}],"wp:attachment":[{"href":"https:\/\/encuentroinformativo.com.mx\/index.php?rest_route=%2Fwp%2Fv2%2Fmedia&parent=74392"}],"wp:term":[{"taxonomy":"category","embeddable":true,"href":"https:\/\/encuentroinformativo.com.mx\/index.php?rest_route=%2Fwp%2Fv2%2Fcategories&post=74392"},{"taxonomy":"post_tag","embeddable":true,"href":"https:\/\/encuentroinformativo.com.mx\/index.php?rest_route=%2Fwp%2Fv2%2Ftags&post=74392"}],"curies":[{"name":"wp","href":"https:\/\/api.w.org\/{rel}","templated":true}]}}