{"id":74394,"date":"2026-01-21T10:01:29","date_gmt":"2026-01-21T16:01:29","guid":{"rendered":"https:\/\/encuentroinformativo.com.mx\/?p=74394"},"modified":"2026-01-21T10:01:29","modified_gmt":"2026-01-21T16:01:29","slug":"unen-esfuerzos-estado-y-municipio-para-mejora-urbana-de-boulevard-xalapa-banderilla","status":"publish","type":"post","link":"https:\/\/encuentroinformativo.com.mx\/?p=74394","title":{"rendered":"Unen esfuerzos Estado y Municipio para mejora urbana de boulevard Xalapa &#8211; Banderilla"},"content":{"rendered":"<p><strong>* Estas acciones son resultado de la gesti\u00f3n del presidente Municipal, Jos\u00e9 Antonio Sangabriel Fern\u00e1ndez con el secretario de Gobierno del estado de Veracruz, Ricardo Ahued Bardahuil.<\/strong><\/p>\n<p><strong>* Ya iniciaron los trabajos de chapeo y limpieza general de camellones y laterales las cuadrillas de la Junta de Mejoras y de la direcci\u00f3n de Servicios Generales.<\/strong><\/p>\n<p>Banderilla, Ver.- Como resultado de los trabajos de gesti\u00f3n que realiz\u00f3, recientemente, el presidente Municipal, Jos\u00e9 Antonio San Gabriel Fern\u00e1ndez con el secretario de Gobierno del estado de Veracruz, Ricardo Ahued Bardahuil, se iniciaron los trabajos de chapeo y limpieza del camell\u00f3n y laterales del Boulevard Xalapa-Banderilla.<\/p>\n<p>En un esfuerzo coordinado entre los gobiernos del Estado y municipal de Banderilla, las cuadrillas de trabajadores adscritos a la Junta Mejoras de la Secretar\u00eda de Gobierno del estado de Veracruz y la Direcci\u00f3n de Servicios Generales del gobierno de Banderilla, se iniciaron los trabajos de poda de arbustos, corte de pastos y maleza y limpieza en general de esta importante vialidad que comunica a la capital del estado con el Valle de M\u00e9xico.<\/p>\n<p>Despu\u00e9s de un recorrido que realizaron por el citado boulevard el presidente municipal de Banderilla y el Coordinador Estatal de la Junta de Mejoras del Gobierno del estado, Jos\u00e9 Antonio Sangabriel Fern\u00e1ndez y Juan Carlos Alem\u00e1n Ch\u00e1vez, respectivamente, se iniciaron los trabajos de imagen urbana, como labores previas a un esfuerzo institucional de reacondicionamiento de la citada carretera.<\/p>\n<p>Este es el inicio de una serie de trabajos coordinados entre el municipio de Banderilla y la Secretar\u00eda de Gobierno estatal, destac\u00f3 el alcalde Jos\u00e9 Antonio Sangabriel Fern\u00e1ndez, quien hizo un amplio reconocimiento a la disponibilidad y apoyo del secretario estatal Ricardo Ahued Bardahuil, cuyas acciones conjuntas ser\u00e1n en beneficio de los miles de automovilistas que circulan diariamente por esta transitada vialidad.<\/p>\n<p>Los prop\u00f3sitos de estas acciones coordinadas entre el gobierno del estado y el municipio de Banderilla, son, principalmente, alinear criterios t\u00e9cnicos y operativos tendientes a ordenar el flujo vehicular, as\u00ed como reducir riesgos de accidentes y atender los puntos cr\u00edticos de cruce, salidas e incorporaci\u00f3n al boulevard.<\/p>\n<p>Acompa\u00f1aron al presidente Municipal de Banderilla, los directores de Servicios Generales, Javier Hern\u00e1ndez Gut\u00ederrez; Gobernaci\u00f3n, Arian Gabriel Hern\u00e1ndez; Obras P\u00fablicas, Rodrigo Alba Castillo y de Protecci\u00f3n Civil, Manuel Herminio Padilla Tapia, entre otros.<\/p>\n<p><img loading=\"lazy\" decoding=\"async\" class=\"aligncenter size-medium wp-image-74396\" src=\"https:\/\/encuentroinformativo.com.mx\/wp-content\/uploads\/2026\/01\/IMG-20260121-WA00952-300x172.jpg\" alt=\"\" width=\"300\" height=\"172\" srcset=\"https:\/\/encuentroinformativo.com.mx\/wp-content\/uploads\/2026\/01\/IMG-20260121-WA00952-300x172.jpg 300w, https:\/\/encuentroinformativo.com.mx\/wp-content\/uploads\/2026\/01\/IMG-20260121-WA00952-1024x588.jpg 1024w, https:\/\/encuentroinformativo.com.mx\/wp-content\/uploads\/2026\/01\/IMG-20260121-WA00952-768x441.jpg 768w, https:\/\/encuentroinformativo.com.mx\/wp-content\/uploads\/2026\/01\/IMG-20260121-WA00952.jpg 1184w\" sizes=\"auto, (max-width: 300px) 100vw, 300px\" \/><\/p>\n","protected":false},"excerpt":{"rendered":"<p>* Estas acciones son resultado de la gesti\u00f3n del presidente Municipal, Jos\u00e9 Antonio Sangabriel Fern\u00e1ndez con el secretario de Gobierno del estado de Veracruz, Ricardo Ahued Bardahuil. * Ya iniciaron los trabajos de chapeo y limpieza general de camellones y laterales las cuadrillas de la Junta de Mejoras y de la direcci\u00f3n de Servicios Generales. [&hellip;]<\/p>\n","protected":false},"author":2476,"featured_media":74395,"comment_status":"open","ping_status":"open","sticky":false,"template":"","format":"standard","meta":{"_jetpack_memberships_contains_paid_content":false,"footnotes":""},"categories":[8],"tags":[],"class_list":["post-74394","post","type-post","status-publish","format-standard","has-post-thumbnail","hentry","category-region"],"jetpack_featured_media_url":"https:\/\/encuentroinformativo.com.mx\/wp-content\/uploads\/2026\/01\/IMG-20260121-WA00982.jpg","jetpack_sharing_enabled":true,"jetpack_likes_enabled":true,"amp_enabled":true,"_links":{"self":[{"href":"https:\/\/encuentroinformativo.com.mx\/index.php?rest_route=\/wp\/v2\/posts\/74394","targetHints":{"allow":["GET"]}}],"collection":[{"href":"https:\/\/encuentroinformativo.com.mx\/index.php?rest_route=\/wp\/v2\/posts"}],"about":[{"href":"https:\/\/encuentroinformativo.com.mx\/index.php?rest_route=\/wp\/v2\/types\/post"}],"author":[{"embeddable":true,"href":"https:\/\/encuentroinformativo.com.mx\/index.php?rest_route=\/wp\/v2\/users\/2476"}],"replies":[{"embeddable":true,"href":"https:\/\/encuentroinformativo.com.mx\/index.php?rest_route=%2Fwp%2Fv2%2Fcomments&post=74394"}],"version-history":[{"count":1,"href":"https:\/\/encuentroinformativo.com.mx\/index.php?rest_route=\/wp\/v2\/posts\/74394\/revisions"}],"predecessor-version":[{"id":74397,"href":"https:\/\/encuentroinformativo.com.mx\/index.php?rest_route=\/wp\/v2\/posts\/74394\/revisions\/74397"}],"wp:featuredmedia":[{"embeddable":true,"href":"https:\/\/encuentroinformativo.com.mx\/index.php?rest_route=\/wp\/v2\/media\/74395"}],"wp:attachment":[{"href":"https:\/\/encuentroinformativo.com.mx\/index.php?rest_route=%2Fwp%2Fv2%2Fmedia&parent=74394"}],"wp:term":[{"taxonomy":"category","embeddable":true,"href":"https:\/\/encuentroinformativo.com.mx\/index.php?rest_route=%2Fwp%2Fv2%2Fcategories&post=74394"},{"taxonomy":"post_tag","embeddable":true,"href":"https:\/\/encuentroinformativo.com.mx\/index.php?rest_route=%2Fwp%2Fv2%2Ftags&post=74394"}],"curies":[{"name":"wp","href":"https:\/\/api.w.org\/{rel}","templated":true}]}}