{"id":744,"date":"2020-03-10T19:13:54","date_gmt":"2020-03-11T01:13:54","guid":{"rendered":"https:\/\/encuentroinformativo.com\/?p=744"},"modified":"2020-03-10T19:13:56","modified_gmt":"2020-03-11T01:13:56","slug":"productores-de-carrizal-enfrentan-problemas-por-sequia","status":"publish","type":"post","link":"https:\/\/encuentroinformativo.com.mx\/?p=744","title":{"rendered":"Productores de Carrizal enfrentan problemas por sequ\u00eda"},"content":{"rendered":"\n<p><strong>Dar\u00edo Pale <\/strong><\/p>\n\n\n\n<p>Xalapa, Ver.- El Comisariado Ejidal de la congregaci\u00f3n Carrizal del municipio de Emiliano Zapata, dio a conocer que desafortunadamente tambi\u00e9n fueron afectados productores de ma\u00edz y c\u00edtricos por la sequ\u00eda que se registr\u00f3 en el 2019 por lo que se necesita trabajar para que este a\u00f1o no se vuelva a presenta esta problem\u00e1tica.<\/p>\n\n\n\n<p>Entrevistado posterior a la conferencia de prensa donde dieron a conocer la realizaci\u00f3n de la XX Expo Feria Villa Emiliano Zapata y la cabalgata del 13 al 15 de marzo, donde se\u00f1al\u00f3 que es necesario llevar a cabo una fuerte inversi\u00f3n de recursos para poder implementar tecnolog\u00eda que permita garantizar el abasto del l\u00edquido vital y con ello evitar que las cosechas puedan perderse.<\/p>\n\n\n\n<p>\u201cEl a\u00f1o pasado se habl\u00f3 del tema de infraestructura que es lo que nos hace falta en esa zona, que es la parte baja del municipio en donde hubo p\u00e9rdidas totales sobretodo de ma\u00edz y C\u00edtricos que son los productos m\u00e1s fuertes que se dan en nuestro municipio&#8221;, se\u00f1al\u00f3.<\/p>\n\n\n\n<p>Dio a conocer que comunidades como Cerro Gordo, Plan del R\u00edo y Palo Gacho fueron de las m\u00e1s afectadas por esta situaci\u00f3n, por lo que resulta necesario la implementaci\u00f3n de medidas como lo es la construcci\u00f3n de pozos profundos que permitan hacer frente a la sequ\u00eda.<\/p>\n\n\n\n<p>Finalmente, agreg\u00f3 que otras alternativas son los sistemas de riego por goteo y la instalaci\u00f3n de invernaderos, sin embargo, la falta de recursos econ\u00f3micos dificulta su implementaci\u00f3n.<\/p>\n\n\n\n<p><\/p>\n\n\n\n<p><\/p>\n","protected":false},"excerpt":{"rendered":"<p>Dar\u00edo Pale Xalapa, Ver.- El Comisariado Ejidal de la congregaci\u00f3n Carrizal del municipio de Emiliano Zapata, dio a conocer que desafortunadamente tambi\u00e9n fueron afectados productores de ma\u00edz y c\u00edtricos por la sequ\u00eda que se registr\u00f3 en el 2019 por lo que se necesita trabajar para que este a\u00f1o no se vuelva a presenta esta problem\u00e1tica. [&hellip;]<\/p>\n","protected":false},"author":1,"featured_media":745,"comment_status":"open","ping_status":"open","sticky":false,"template":"","format":"standard","meta":{"_jetpack_memberships_contains_paid_content":false,"footnotes":""},"categories":[8],"tags":[],"class_list":["post-744","post","type-post","status-publish","format-standard","has-post-thumbnail","hentry","category-region"],"jetpack_featured_media_url":"https:\/\/encuentroinformativo.com.mx\/wp-content\/uploads\/2020\/03\/5271D31A-C2B8-499C-B7C2-CEDA868733AC.jpeg","jetpack_sharing_enabled":true,"jetpack_likes_enabled":true,"amp_enabled":true,"_links":{"self":[{"href":"https:\/\/encuentroinformativo.com.mx\/index.php?rest_route=\/wp\/v2\/posts\/744","targetHints":{"allow":["GET"]}}],"collection":[{"href":"https:\/\/encuentroinformativo.com.mx\/index.php?rest_route=\/wp\/v2\/posts"}],"about":[{"href":"https:\/\/encuentroinformativo.com.mx\/index.php?rest_route=\/wp\/v2\/types\/post"}],"author":[{"embeddable":true,"href":"https:\/\/encuentroinformativo.com.mx\/index.php?rest_route=\/wp\/v2\/users\/1"}],"replies":[{"embeddable":true,"href":"https:\/\/encuentroinformativo.com.mx\/index.php?rest_route=%2Fwp%2Fv2%2Fcomments&post=744"}],"version-history":[{"count":1,"href":"https:\/\/encuentroinformativo.com.mx\/index.php?rest_route=\/wp\/v2\/posts\/744\/revisions"}],"predecessor-version":[{"id":746,"href":"https:\/\/encuentroinformativo.com.mx\/index.php?rest_route=\/wp\/v2\/posts\/744\/revisions\/746"}],"wp:featuredmedia":[{"embeddable":true,"href":"https:\/\/encuentroinformativo.com.mx\/index.php?rest_route=\/wp\/v2\/media\/745"}],"wp:attachment":[{"href":"https:\/\/encuentroinformativo.com.mx\/index.php?rest_route=%2Fwp%2Fv2%2Fmedia&parent=744"}],"wp:term":[{"taxonomy":"category","embeddable":true,"href":"https:\/\/encuentroinformativo.com.mx\/index.php?rest_route=%2Fwp%2Fv2%2Fcategories&post=744"},{"taxonomy":"post_tag","embeddable":true,"href":"https:\/\/encuentroinformativo.com.mx\/index.php?rest_route=%2Fwp%2Fv2%2Ftags&post=744"}],"curies":[{"name":"wp","href":"https:\/\/api.w.org\/{rel}","templated":true}]}}