{"id":74411,"date":"2026-01-21T14:29:43","date_gmt":"2026-01-21T20:29:43","guid":{"rendered":"https:\/\/encuentroinformativo.com.mx\/?p=74411"},"modified":"2026-01-21T14:29:43","modified_gmt":"2026-01-21T20:29:43","slug":"inicia-el-rodaje-de-pelicula-de-salma-hayek-en-catemaco","status":"publish","type":"post","link":"https:\/\/encuentroinformativo.com.mx\/?p=74411","title":{"rendered":"Inicia el rodaje de pel\u00edcula de Salma Hayek en Catemaco"},"content":{"rendered":"<p><strong>Alejandro \u00c1vila<\/strong><\/p>\n<p>Catemaco, Ver.- Este martes 20 de enero inici\u00f3 el rodaje de la nueva pel\u00edcula de Hollywood de la veracruzana Salma Hayek, misma que inici\u00f3 sus grabaciones una reserva ecol\u00f3gica en el municipio de Catemaco.<\/p>\n<p>Desde el pasado lunes 19 de enero llegaron a la zona de Los Tuxtlas los trailers y camiones de la producci\u00f3n Grupo \u00c9lite, donde se presume tambi\u00e9n trabajar\u00e1 la actriz estadounidense, Angelina Jolie.<\/p>\n<p>Catemaco se consolidando en la entidad como uno de los escenarios naturales preferidos por la industria del cine de alto nivel.<\/p>\n<p>El equipo de producci\u00f3n Grupo \u00c9lite se despleg\u00f3 en diversas comunidades estrat\u00e9gicas que convergen Catemaco, destacando puntos como Arroyo de Lisa, Roca Partida y zonas cercanas al litoral y la Reserva de la Biosfera de Los Tuxtlas.<\/p>\n<p>Bajo un estricto protocolo de log\u00edstica, las grabaciones avanzan a marchas forzadas para aprovechar la luz natural y la exuberante vegetaci\u00f3n que caracteriza a esta zona protegida<\/p>\n<p>Uno de los aspectos m\u00e1s destacados de esta producci\u00f3n ha sido la apertura hacia la comunidad. Durante los \u00faltimos d\u00edas, se llevaron a cabo jornadas de casting para la contrataci\u00f3n de extras y personal de apoyo local.<\/p>\n","protected":false},"excerpt":{"rendered":"<p>Alejandro \u00c1vila Catemaco, Ver.- Este martes 20 de enero inici\u00f3 el rodaje de la nueva pel\u00edcula de Hollywood de la veracruzana Salma Hayek, misma que inici\u00f3 sus grabaciones una reserva ecol\u00f3gica en el municipio de Catemaco. Desde el pasado lunes 19 de enero llegaron a la zona de Los Tuxtlas los trailers y camiones de [&hellip;]<\/p>\n","protected":false},"author":2476,"featured_media":74412,"comment_status":"open","ping_status":"open","sticky":false,"template":"","format":"standard","meta":{"_jetpack_memberships_contains_paid_content":false,"footnotes":""},"categories":[2,13],"tags":[],"class_list":["post-74411","post","type-post","status-publish","format-standard","has-post-thumbnail","hentry","category-estado","category-internacional"],"jetpack_featured_media_url":"https:\/\/encuentroinformativo.com.mx\/wp-content\/uploads\/2026\/01\/IMG-20260121-WA0146.jpg","jetpack_sharing_enabled":true,"jetpack_likes_enabled":true,"amp_enabled":true,"_links":{"self":[{"href":"https:\/\/encuentroinformativo.com.mx\/index.php?rest_route=\/wp\/v2\/posts\/74411","targetHints":{"allow":["GET"]}}],"collection":[{"href":"https:\/\/encuentroinformativo.com.mx\/index.php?rest_route=\/wp\/v2\/posts"}],"about":[{"href":"https:\/\/encuentroinformativo.com.mx\/index.php?rest_route=\/wp\/v2\/types\/post"}],"author":[{"embeddable":true,"href":"https:\/\/encuentroinformativo.com.mx\/index.php?rest_route=\/wp\/v2\/users\/2476"}],"replies":[{"embeddable":true,"href":"https:\/\/encuentroinformativo.com.mx\/index.php?rest_route=%2Fwp%2Fv2%2Fcomments&post=74411"}],"version-history":[{"count":1,"href":"https:\/\/encuentroinformativo.com.mx\/index.php?rest_route=\/wp\/v2\/posts\/74411\/revisions"}],"predecessor-version":[{"id":74413,"href":"https:\/\/encuentroinformativo.com.mx\/index.php?rest_route=\/wp\/v2\/posts\/74411\/revisions\/74413"}],"wp:featuredmedia":[{"embeddable":true,"href":"https:\/\/encuentroinformativo.com.mx\/index.php?rest_route=\/wp\/v2\/media\/74412"}],"wp:attachment":[{"href":"https:\/\/encuentroinformativo.com.mx\/index.php?rest_route=%2Fwp%2Fv2%2Fmedia&parent=74411"}],"wp:term":[{"taxonomy":"category","embeddable":true,"href":"https:\/\/encuentroinformativo.com.mx\/index.php?rest_route=%2Fwp%2Fv2%2Fcategories&post=74411"},{"taxonomy":"post_tag","embeddable":true,"href":"https:\/\/encuentroinformativo.com.mx\/index.php?rest_route=%2Fwp%2Fv2%2Ftags&post=74411"}],"curies":[{"name":"wp","href":"https:\/\/api.w.org\/{rel}","templated":true}]}}