{"id":74417,"date":"2026-01-21T14:41:03","date_gmt":"2026-01-21T20:41:03","guid":{"rendered":"https:\/\/encuentroinformativo.com.mx\/?p=74417"},"modified":"2026-01-21T14:41:03","modified_gmt":"2026-01-21T20:41:03","slug":"confia-fundacion-uv-en-incrementar-apoyo-de-becas","status":"publish","type":"post","link":"https:\/\/encuentroinformativo.com.mx\/?p=74417","title":{"rendered":"Conf\u00eda Fundaci\u00f3n UV en incrementar apoyo de becas"},"content":{"rendered":"<p><strong>Dar\u00edo Pale<\/strong><\/p>\n<p>Xalapa, Ver.- La Fundaci\u00f3n de la Universidad Veracruzana (Fundaci\u00f3n UV) estima un incremento de entre 10 y 15 por ciento en la procuraci\u00f3n de tr\u00e1mites y apoyos relacionados con becas durante el presente a\u00f1o, como resultado del fortalecimiento de sus programas y de la participaci\u00f3n activa de voluntarios y donantes, inform\u00f3 su director general, Facundo Pacheco Rojas.<\/p>\n<p>En entrevista, el directivo explic\u00f3 que actualmente la Fundaci\u00f3n trabaja en diversos esquemas de apoyo educativo, entre ellos el cierre de un proyecto con la Fundaci\u00f3n Sonrisa, denominado Sonrisa Nueva, que contempla una aportaci\u00f3n cercana a los 300 mil pesos destinados a la educaci\u00f3n.<\/p>\n<p>Asimismo, destac\u00f3 el respaldo otorgado a estudiantes que participan en programas de movilidad internacional, como el caso de j\u00f3venes que recientemente realizaron un semestre de estudios en la India.<\/p>\n<p>Pacheco Rojas detall\u00f3 que, en total, m\u00e1s de mil 500 estudiantes son beneficiados anualmente a trav\u00e9s de los distintos programas que opera la Fundaci\u00f3n UV.<\/p>\n<p>Se\u00f1al\u00f3 que anteriormente solo se contaba con el esquema de padrinos y madrinas, pero actualmente se han ampliado las vertientes de apoyo con programas como B\u00e9calos, movilidad estudiantil, becas alimenticias y el programa Aliados, este \u00faltimo de car\u00e1cter emergente para apoyar a estudiantes damnificados, particularmente de la zona de Poza Rica.<\/p>\n<p>En este contexto, el director general hizo un llamado a la sociedad para sumarse como donantes, al se\u00f1alar que los recursos obtenidos se transforman directamente en becas para estudiantes que las solicitan.<\/p>\n<p>Indic\u00f3 que las personas interesadas pueden realizar aportaciones a trav\u00e9s del portal de la Fundaci\u00f3n UV, donde se especifican las caracter\u00edsticas del programa Aliados por el Ma\u00f1ana, enfocado en apoyar a estudiantes afectados que buscan reactivar sus estudios.<\/p>\n<p>A\u00f1adi\u00f3 que ya se han recibido solicitudes de estudiantes entre los meses de diciembre y enero, y que en breve se dar\u00e1n a conocer los resultados de las asignaciones. Precis\u00f3 que se estima otorgar apoyos aproximados de cinco mil pesos por beneficiario, aunque el n\u00famero final de becas depender\u00e1 de los recursos que se logren reunir.<\/p>\n<p>En el caso de las becas alimenticias, Pacheco Rojas se\u00f1al\u00f3 que uno de los principales retos es ampliar la cobertura, ya que actualmente existen 13 comedores universitarios. Aunque el costo de los alimentos es bajo \u201430 pesos por persona\u2014, reconoci\u00f3 que algunos estudiantes no cuentan siquiera con esa cantidad, por lo que la Fundaci\u00f3n apoya con un m\u00ednimo de 10 becas por comedor para los casos m\u00e1s vulnerables.<\/p>\n<p>Asimismo, explic\u00f3 que para los estudiantes damnificados de Poza Rica se cre\u00f3 un fondo especial denominado Aliados por el Ma\u00f1ana, con el objetivo de reunir recursos emergentes que les permitan continuar o retomar sus estudios.<\/p>\n<p>El director de la Fundaci\u00f3n UV subray\u00f3 que, adem\u00e1s de estos apoyos, se mantienen programas permanentes como becas escolares, B\u00e9calos \u2014en alianza con fideicomisos a nivel nacional\u2014 y el programa Adopte un Becario, mediante el cual padrinos y madrinas contribuyen con becas de manutenci\u00f3n.<\/p>\n<p>Finalmente, inform\u00f3 que la Fundaci\u00f3n se encuentra en un proceso de reorganizaci\u00f3n interna y reingenier\u00eda administrativa, lo que permitir\u00e1 fortalecer \u00e1reas como la promoci\u00f3n del deporte y la cultura. Destac\u00f3 que, con la reciente disponibilidad de instalaciones como el teatro universitario, se busca generar una cartelera de eventos m\u00e1s amplia y mejor difundida, adem\u00e1s de consolidar un \u00e1rea de difusi\u00f3n que impulse la procuraci\u00f3n de fondos.<\/p>\n<p>\u201cLas causas son muy grandes y los recursos a veces escasos, pero el objetivo es llegar a m\u00e1s estudiantes y a m\u00e1s lugares\u201d, concluy\u00f3.<\/p>\n","protected":false},"excerpt":{"rendered":"<p>Dar\u00edo Pale Xalapa, Ver.- La Fundaci\u00f3n de la Universidad Veracruzana (Fundaci\u00f3n UV) estima un incremento de entre 10 y 15 por ciento en la procuraci\u00f3n de tr\u00e1mites y apoyos relacionados con becas durante el presente a\u00f1o, como resultado del fortalecimiento de sus programas y de la participaci\u00f3n activa de voluntarios y donantes, inform\u00f3 su director [&hellip;]<\/p>\n","protected":false},"author":2476,"featured_media":74418,"comment_status":"open","ping_status":"open","sticky":false,"template":"","format":"standard","meta":{"_jetpack_memberships_contains_paid_content":false,"footnotes":""},"categories":[2],"tags":[],"class_list":["post-74417","post","type-post","status-publish","format-standard","has-post-thumbnail","hentry","category-estado"],"jetpack_featured_media_url":"https:\/\/encuentroinformativo.com.mx\/wp-content\/uploads\/2026\/01\/IMG-20260121-WA0148.jpg","jetpack_sharing_enabled":true,"jetpack_likes_enabled":true,"amp_enabled":true,"_links":{"self":[{"href":"https:\/\/encuentroinformativo.com.mx\/index.php?rest_route=\/wp\/v2\/posts\/74417","targetHints":{"allow":["GET"]}}],"collection":[{"href":"https:\/\/encuentroinformativo.com.mx\/index.php?rest_route=\/wp\/v2\/posts"}],"about":[{"href":"https:\/\/encuentroinformativo.com.mx\/index.php?rest_route=\/wp\/v2\/types\/post"}],"author":[{"embeddable":true,"href":"https:\/\/encuentroinformativo.com.mx\/index.php?rest_route=\/wp\/v2\/users\/2476"}],"replies":[{"embeddable":true,"href":"https:\/\/encuentroinformativo.com.mx\/index.php?rest_route=%2Fwp%2Fv2%2Fcomments&post=74417"}],"version-history":[{"count":1,"href":"https:\/\/encuentroinformativo.com.mx\/index.php?rest_route=\/wp\/v2\/posts\/74417\/revisions"}],"predecessor-version":[{"id":74419,"href":"https:\/\/encuentroinformativo.com.mx\/index.php?rest_route=\/wp\/v2\/posts\/74417\/revisions\/74419"}],"wp:featuredmedia":[{"embeddable":true,"href":"https:\/\/encuentroinformativo.com.mx\/index.php?rest_route=\/wp\/v2\/media\/74418"}],"wp:attachment":[{"href":"https:\/\/encuentroinformativo.com.mx\/index.php?rest_route=%2Fwp%2Fv2%2Fmedia&parent=74417"}],"wp:term":[{"taxonomy":"category","embeddable":true,"href":"https:\/\/encuentroinformativo.com.mx\/index.php?rest_route=%2Fwp%2Fv2%2Fcategories&post=74417"},{"taxonomy":"post_tag","embeddable":true,"href":"https:\/\/encuentroinformativo.com.mx\/index.php?rest_route=%2Fwp%2Fv2%2Ftags&post=74417"}],"curies":[{"name":"wp","href":"https:\/\/api.w.org\/{rel}","templated":true}]}}