{"id":74428,"date":"2026-01-21T16:51:30","date_gmt":"2026-01-21T22:51:30","guid":{"rendered":"https:\/\/encuentroinformativo.com.mx\/?p=74428"},"modified":"2026-01-21T16:51:30","modified_gmt":"2026-01-21T22:51:30","slug":"se-atenderan-politicas-publicas-de-proteccion-animal-regidora","status":"publish","type":"post","link":"https:\/\/encuentroinformativo.com.mx\/?p=74428","title":{"rendered":"Se atender\u00e1n pol\u00edticas p\u00fablicas de protecci\u00f3n animal: Regidora"},"content":{"rendered":"<p><strong>Dar\u00edo Pale<\/strong><\/p>\n<p>Xalapa, Ver.- La regidora 13 del Ayuntamiento y presidenta de la Comisi\u00f3n de Bienestar Animal, Priscila Labastida, inform\u00f3 que se trabaja en el dise\u00f1o de una pol\u00edtica p\u00fablica municipal integral en materia de protecci\u00f3n animal, la cual no se limitar\u00e1 \u00fanicamente a perros y gatos, sino que abarcar\u00e1 tambi\u00e9n fauna silvestre y fauna agr\u00edcola.<\/p>\n<p>La edil explic\u00f3 que uno de los principales ejes de trabajo ser\u00e1 el fortalecimiento de la parte informativa, ya que actualmente existe un vac\u00edo entre la ciudadan\u00eda respecto a c\u00f3mo y ante qui\u00e9n denunciar casos de maltrato animal.<\/p>\n<p>\u201cComo ciudadanos muchas veces no sabemos con qui\u00e9n acudir, y eso genera temor a la denuncia. Queremos evitar la denuncia an\u00f3nima y que las personas puedan poner su nombre con el respaldo de seguridad y atenci\u00f3n ciudadana\u201d, se\u00f1al\u00f3.<\/p>\n<p>Labastida subray\u00f3 que el objetivo es que la protecci\u00f3n animal se consolide como una verdadera pol\u00edtica p\u00fablica municipal, con acciones claras, acompa\u00f1amiento institucional y mecanismos que brinden confianza a la poblaci\u00f3n para denunciar de manera responsable.<\/p>\n<p>Indic\u00f3 que, para lograrlo, la Comisi\u00f3n de Bienestar Animal abrir\u00e1 mesas de trabajo, di\u00e1logo y propuestas, en las que se convocar\u00e1 no solo a las direcciones correspondientes del Ayuntamiento, sino tambi\u00e9n a la sociedad civil organizada y a asociaciones que trabajan en la defensa y cuidado de los animales.<\/p>\n<p>Detall\u00f3 que estas mesas estar\u00e1n enfocadas tanto en animales dom\u00e9sticos como en fauna silvestre y agr\u00edcola, al considerar que forman parte del entorno con el que conviven diariamente las y los habitantes del municipio.<\/p>\n<p>\u201cLa intenci\u00f3n de la comisi\u00f3n es trabajar de la mano con la sociedad civil. Mucho de lo que se ha avanzado en bienestar animal ha sido gracias a las propuestas y al esfuerzo de la misma ciudadan\u00eda\u201d, afirm\u00f3.<\/p>\n<p>Finalmente, la regidora destac\u00f3 que este esquema de participaci\u00f3n permitir\u00e1 construir pol\u00edticas m\u00e1s efectivas, sensibles y acordes a la realidad del municipio, colocando el bienestar animal como un tema prioritario dentro de la agenda p\u00fablica local.<\/p>\n","protected":false},"excerpt":{"rendered":"<p>Dar\u00edo Pale Xalapa, Ver.- La regidora 13 del Ayuntamiento y presidenta de la Comisi\u00f3n de Bienestar Animal, Priscila Labastida, inform\u00f3 que se trabaja en el dise\u00f1o de una pol\u00edtica p\u00fablica municipal integral en materia de protecci\u00f3n animal, la cual no se limitar\u00e1 \u00fanicamente a perros y gatos, sino que abarcar\u00e1 tambi\u00e9n fauna silvestre y fauna [&hellip;]<\/p>\n","protected":false},"author":2476,"featured_media":74429,"comment_status":"open","ping_status":"open","sticky":false,"template":"","format":"standard","meta":{"_jetpack_memberships_contains_paid_content":false,"footnotes":""},"categories":[3],"tags":[],"class_list":["post-74428","post","type-post","status-publish","format-standard","has-post-thumbnail","hentry","category-xalapa"],"jetpack_featured_media_url":"https:\/\/encuentroinformativo.com.mx\/wp-content\/uploads\/2026\/01\/IMG-20260121-WA02592.jpg","jetpack_sharing_enabled":true,"jetpack_likes_enabled":true,"amp_enabled":true,"_links":{"self":[{"href":"https:\/\/encuentroinformativo.com.mx\/index.php?rest_route=\/wp\/v2\/posts\/74428","targetHints":{"allow":["GET"]}}],"collection":[{"href":"https:\/\/encuentroinformativo.com.mx\/index.php?rest_route=\/wp\/v2\/posts"}],"about":[{"href":"https:\/\/encuentroinformativo.com.mx\/index.php?rest_route=\/wp\/v2\/types\/post"}],"author":[{"embeddable":true,"href":"https:\/\/encuentroinformativo.com.mx\/index.php?rest_route=\/wp\/v2\/users\/2476"}],"replies":[{"embeddable":true,"href":"https:\/\/encuentroinformativo.com.mx\/index.php?rest_route=%2Fwp%2Fv2%2Fcomments&post=74428"}],"version-history":[{"count":1,"href":"https:\/\/encuentroinformativo.com.mx\/index.php?rest_route=\/wp\/v2\/posts\/74428\/revisions"}],"predecessor-version":[{"id":74430,"href":"https:\/\/encuentroinformativo.com.mx\/index.php?rest_route=\/wp\/v2\/posts\/74428\/revisions\/74430"}],"wp:featuredmedia":[{"embeddable":true,"href":"https:\/\/encuentroinformativo.com.mx\/index.php?rest_route=\/wp\/v2\/media\/74429"}],"wp:attachment":[{"href":"https:\/\/encuentroinformativo.com.mx\/index.php?rest_route=%2Fwp%2Fv2%2Fmedia&parent=74428"}],"wp:term":[{"taxonomy":"category","embeddable":true,"href":"https:\/\/encuentroinformativo.com.mx\/index.php?rest_route=%2Fwp%2Fv2%2Fcategories&post=74428"},{"taxonomy":"post_tag","embeddable":true,"href":"https:\/\/encuentroinformativo.com.mx\/index.php?rest_route=%2Fwp%2Fv2%2Ftags&post=74428"}],"curies":[{"name":"wp","href":"https:\/\/api.w.org\/{rel}","templated":true}]}}