{"id":74431,"date":"2026-01-21T17:20:56","date_gmt":"2026-01-21T23:20:56","guid":{"rendered":"https:\/\/encuentroinformativo.com.mx\/?p=74431"},"modified":"2026-01-21T17:20:56","modified_gmt":"2026-01-21T23:20:56","slug":"ayuntamiento-de-alvarado-consolida-coordinacion-con-fraccionamientos-de-la-riviera-veracruzana","status":"publish","type":"post","link":"https:\/\/encuentroinformativo.com.mx\/?p=74431","title":{"rendered":"Ayuntamiento de Alvarado consolida coordinaci\u00f3n con fraccionamientos de la Riviera Veracruzana"},"content":{"rendered":"<p>Alvarado, Ver.- El H. Ayuntamiento de Alvarado sostuvo una reuni\u00f3n de trabajo encabezada por el presidente municipal, Alberto \u00c1ngel Cobos M\u00e1rquez, con H\u00e9ctor V\u00e9lez Ruiz Gait\u00e1n, presidente de la Asociaci\u00f3n de Fraccionamientos y Colonos de la Riviera Veracruzana, con el objetivo de fortalecer la coordinaci\u00f3n institucional y el trabajo conjunto en beneficio de esta importante zona del municipio.<\/p>\n<p>Durante el encuentro se abordaron temas prioritarios relacionados con la participaci\u00f3n ciudadana, la atenci\u00f3n a las y los residentes de la Riviera Veracruzana, as\u00ed como diversos asuntos enfocados en el ordenamiento territorial, el desarrollo urbano y la mejora continua de los servicios p\u00fablicos.<\/p>\n<p>En la reuni\u00f3n participaron V\u00edctor Hugo Chantres Castillo, encargado de la Oficina Operadora de la Comisi\u00f3n del Agua del Estado de Veracruz (CAEV) en la Riviera Veracruzana; Edgar Guzm\u00e1n Fern\u00e1ndez, regidor primero; Sebasti\u00e1n Guillermo Balderas Bahena, tesorero municipal; Irasema \u00c1lvarez Vera, delegada de la Zona Norte; Eduardo Y\u00e1\u00f1ez Tapia, director de Catastro; y Jorge Cort\u00e9s Mart\u00ednez, director de Desarrollo Urbano.<\/p>\n<p>El Gobierno Municipal de Alvarado refrenda su compromiso de mantener un di\u00e1logo permanente y una coordinaci\u00f3n efectiva con los distintos sectores de la sociedad, promoviendo acciones que contribuyan al desarrollo ordenado, al bienestar de las familias y al crecimiento sostenible del municipio.<\/p>\n","protected":false},"excerpt":{"rendered":"<p>Alvarado, Ver.- El H. Ayuntamiento de Alvarado sostuvo una reuni\u00f3n de trabajo encabezada por el presidente municipal, Alberto \u00c1ngel Cobos M\u00e1rquez, con H\u00e9ctor V\u00e9lez Ruiz Gait\u00e1n, presidente de la Asociaci\u00f3n de Fraccionamientos y Colonos de la Riviera Veracruzana, con el objetivo de fortalecer la coordinaci\u00f3n institucional y el trabajo conjunto en beneficio de esta importante [&hellip;]<\/p>\n","protected":false},"author":2476,"featured_media":74432,"comment_status":"open","ping_status":"open","sticky":false,"template":"","format":"standard","meta":{"_jetpack_memberships_contains_paid_content":false,"footnotes":""},"categories":[2],"tags":[],"class_list":["post-74431","post","type-post","status-publish","format-standard","has-post-thumbnail","hentry","category-estado"],"jetpack_featured_media_url":"https:\/\/encuentroinformativo.com.mx\/wp-content\/uploads\/2026\/01\/IMG-20260121-WA0209.jpg","jetpack_sharing_enabled":true,"jetpack_likes_enabled":true,"amp_enabled":true,"_links":{"self":[{"href":"https:\/\/encuentroinformativo.com.mx\/index.php?rest_route=\/wp\/v2\/posts\/74431","targetHints":{"allow":["GET"]}}],"collection":[{"href":"https:\/\/encuentroinformativo.com.mx\/index.php?rest_route=\/wp\/v2\/posts"}],"about":[{"href":"https:\/\/encuentroinformativo.com.mx\/index.php?rest_route=\/wp\/v2\/types\/post"}],"author":[{"embeddable":true,"href":"https:\/\/encuentroinformativo.com.mx\/index.php?rest_route=\/wp\/v2\/users\/2476"}],"replies":[{"embeddable":true,"href":"https:\/\/encuentroinformativo.com.mx\/index.php?rest_route=%2Fwp%2Fv2%2Fcomments&post=74431"}],"version-history":[{"count":1,"href":"https:\/\/encuentroinformativo.com.mx\/index.php?rest_route=\/wp\/v2\/posts\/74431\/revisions"}],"predecessor-version":[{"id":74433,"href":"https:\/\/encuentroinformativo.com.mx\/index.php?rest_route=\/wp\/v2\/posts\/74431\/revisions\/74433"}],"wp:featuredmedia":[{"embeddable":true,"href":"https:\/\/encuentroinformativo.com.mx\/index.php?rest_route=\/wp\/v2\/media\/74432"}],"wp:attachment":[{"href":"https:\/\/encuentroinformativo.com.mx\/index.php?rest_route=%2Fwp%2Fv2%2Fmedia&parent=74431"}],"wp:term":[{"taxonomy":"category","embeddable":true,"href":"https:\/\/encuentroinformativo.com.mx\/index.php?rest_route=%2Fwp%2Fv2%2Fcategories&post=74431"},{"taxonomy":"post_tag","embeddable":true,"href":"https:\/\/encuentroinformativo.com.mx\/index.php?rest_route=%2Fwp%2Fv2%2Ftags&post=74431"}],"curies":[{"name":"wp","href":"https:\/\/api.w.org\/{rel}","templated":true}]}}