{"id":74440,"date":"2026-01-22T10:42:50","date_gmt":"2026-01-22T16:42:50","guid":{"rendered":"https:\/\/encuentroinformativo.com.mx\/?p=74440"},"modified":"2026-01-22T10:42:50","modified_gmt":"2026-01-22T16:42:50","slug":"resguarda-dif-de-veracruz-a-suley-bebe-de-6-meses-que-vivia-entre-basura","status":"publish","type":"post","link":"https:\/\/encuentroinformativo.com.mx\/?p=74440","title":{"rendered":"Resguarda DIF de Veracruz a Suley, beb\u00e9 de 6 meses que viv\u00eda entre basura"},"content":{"rendered":"<p><strong>Alejandro \u00c1vila<\/strong><\/p>\n<p>Veracruz, Ver.- La noche de este mi\u00e9rcoles 21 de enero el DIF del municipio de Veracruz atendi\u00f3 un caso de maltrato infantil, al resguardar a una beb\u00e9 de 6 meses de nombre Suley.<\/p>\n<p>A trav\u00e9s de redes sociales vecinos del fraccionamiento Valle Alto informaron de las p\u00e9simas condiciones en las que viv\u00eda la menor de edad por el descuido de sus padres, presuntamente a causa de las drogas.<\/p>\n<p>Personal del DIF de Veracruz acudi\u00f3 a la calle Cig\u00fce\u00f1a del mencionado fraccionamiento para dar atenci\u00f3n al caso y resguardar a la menor de edad; mientras que elementos de la Polic\u00eda Municipal detuvieron a sus padres Salvador y Carla para realizar las investigaciones pertinentes.<\/p>\n<p>La peque\u00f1a fue trasladada a un Centro de Salud para su revisi\u00f3n m\u00e9dica, mientras que los padres podr\u00edan ser juzgados por omisi\u00f3n de cuidados.<\/p>\n","protected":false},"excerpt":{"rendered":"<p>Alejandro \u00c1vila Veracruz, Ver.- La noche de este mi\u00e9rcoles 21 de enero el DIF del municipio de Veracruz atendi\u00f3 un caso de maltrato infantil, al resguardar a una beb\u00e9 de 6 meses de nombre Suley. A trav\u00e9s de redes sociales vecinos del fraccionamiento Valle Alto informaron de las p\u00e9simas condiciones en las que viv\u00eda la [&hellip;]<\/p>\n","protected":false},"author":2476,"featured_media":74441,"comment_status":"open","ping_status":"open","sticky":false,"template":"","format":"standard","meta":{"_jetpack_memberships_contains_paid_content":false,"footnotes":""},"categories":[2],"tags":[],"class_list":["post-74440","post","type-post","status-publish","format-standard","has-post-thumbnail","hentry","category-estado"],"jetpack_featured_media_url":"https:\/\/encuentroinformativo.com.mx\/wp-content\/uploads\/2026\/01\/IMG-20260122-WA01762.jpg","jetpack_sharing_enabled":true,"jetpack_likes_enabled":true,"amp_enabled":true,"_links":{"self":[{"href":"https:\/\/encuentroinformativo.com.mx\/index.php?rest_route=\/wp\/v2\/posts\/74440","targetHints":{"allow":["GET"]}}],"collection":[{"href":"https:\/\/encuentroinformativo.com.mx\/index.php?rest_route=\/wp\/v2\/posts"}],"about":[{"href":"https:\/\/encuentroinformativo.com.mx\/index.php?rest_route=\/wp\/v2\/types\/post"}],"author":[{"embeddable":true,"href":"https:\/\/encuentroinformativo.com.mx\/index.php?rest_route=\/wp\/v2\/users\/2476"}],"replies":[{"embeddable":true,"href":"https:\/\/encuentroinformativo.com.mx\/index.php?rest_route=%2Fwp%2Fv2%2Fcomments&post=74440"}],"version-history":[{"count":1,"href":"https:\/\/encuentroinformativo.com.mx\/index.php?rest_route=\/wp\/v2\/posts\/74440\/revisions"}],"predecessor-version":[{"id":74442,"href":"https:\/\/encuentroinformativo.com.mx\/index.php?rest_route=\/wp\/v2\/posts\/74440\/revisions\/74442"}],"wp:featuredmedia":[{"embeddable":true,"href":"https:\/\/encuentroinformativo.com.mx\/index.php?rest_route=\/wp\/v2\/media\/74441"}],"wp:attachment":[{"href":"https:\/\/encuentroinformativo.com.mx\/index.php?rest_route=%2Fwp%2Fv2%2Fmedia&parent=74440"}],"wp:term":[{"taxonomy":"category","embeddable":true,"href":"https:\/\/encuentroinformativo.com.mx\/index.php?rest_route=%2Fwp%2Fv2%2Fcategories&post=74440"},{"taxonomy":"post_tag","embeddable":true,"href":"https:\/\/encuentroinformativo.com.mx\/index.php?rest_route=%2Fwp%2Fv2%2Ftags&post=74440"}],"curies":[{"name":"wp","href":"https:\/\/api.w.org\/{rel}","templated":true}]}}