{"id":74443,"date":"2026-01-22T11:25:52","date_gmt":"2026-01-22T17:25:52","guid":{"rendered":"https:\/\/encuentroinformativo.com.mx\/?p=74443"},"modified":"2026-01-22T11:25:52","modified_gmt":"2026-01-22T17:25:52","slug":"intensifica-instituto-de-las-mujeres-trabajo-territorial","status":"publish","type":"post","link":"https:\/\/encuentroinformativo.com.mx\/?p=74443","title":{"rendered":"Intensifica Instituto de las Mujeres trabajo &#8216;territorial&#8217;"},"content":{"rendered":"<p><strong>Dar\u00edo Pale<\/strong><\/p>\n<p>Xalapa, Ver.- En los primeros 20 d\u00edas de la actual administraci\u00f3n municipal, el Instituto Municipal de las Mujeres (IMM) ha intensificado el trabajo territorial e institucional para prevenir, atender y erradicar la violencia de g\u00e9nero, inform\u00f3 su directora, Mar\u00eda Fernanda Medina Mariscal.<\/p>\n<p>La funcionaria explic\u00f3 que, por instrucci\u00f3n de la alcaldesa, se ha priorizado el trabajo en campo a trav\u00e9s de jornadas en diversas colonias de la capital, sin descuidar el fortalecimiento interno del instituto y la coordinaci\u00f3n interinstitucional con otras direcciones del Ayuntamiento.<\/p>\n<p>\u201cEstamos sumando esfuerzos entre las direcciones para combatir, erradicar y prevenir la violencia de g\u00e9nero, particularmente en contra de mujeres, ni\u00f1as y adolescentes\u201d, se\u00f1al\u00f3.<\/p>\n<p>Medina Mariscal destac\u00f3 que, como parte de estas acciones, el d\u00eda 25 de cada mes se realizan actividades enmarcadas en una iniciativa de alcance internacional, adoptada por los gobiernos locales, con el objetivo de visibilizar la violencia de g\u00e9nero y reforzar las estrategias de prevenci\u00f3n, tanto entre la ciudadan\u00eda como entre las y los servidores p\u00fablicos.<\/p>\n<p style=\"text-align: center;\"><strong>Diagn\u00f3stico en colonias con apoyo de redes de mujeres<\/strong><\/p>\n<p>La directora del IMM inform\u00f3 que actualmente se realiza un diagn\u00f3stico situacional en colonias de Xalapa, con el respaldo de las 52 redes de mujeres que existen en el municipio.<\/p>\n<p>Durante estos recorridos, el personal del instituto se presenta ante las comunidades, comparte informaci\u00f3n sobre su labor y aplica una encuesta con perspectiva de g\u00e9nero.<\/p>\n<p>Detall\u00f3 que este instrumento se divide en dos etapas: la primera recaba informaci\u00f3n general sobre las caracter\u00edsticas y necesidades de las mujeres, mediante un censo an\u00f3nimo, sin datos personales, cuyo objetivo es conocer la situaci\u00f3n real que enfrentan; la segunda identifica problem\u00e1ticas de car\u00e1cter estructural e institucional.<\/p>\n<p>\u201cLo que buscamos es saber c\u00f3mo est\u00e1n las mujeres y qu\u00e9 necesitan. Cuando se trata de temas que no son competencia directa del instituto, nos coordinamos con otras direcciones para que la problem\u00e1tica social sea atendida y resuelta\u201d, explic\u00f3.<\/p>\n<p style=\"text-align: center;\"><strong>Cuatro ejes de atenci\u00f3n y acciones especializadas<\/strong><\/p>\n<p>Medina Mariscal indic\u00f3 que este diagn\u00f3stico permitir\u00e1 dise\u00f1ar acciones especializadas para cada sector de la poblaci\u00f3n. Como parte de una propuesta innovadora, el trabajo del instituto se organizar\u00e1 en cuatro ejes estrat\u00e9gicos: salud; educaci\u00f3n y cultura; fortalecimiento econ\u00f3mico y autonom\u00eda de las mujeres; y una vida libre de violencia.<\/p>\n<p>Las problem\u00e1ticas detectadas ser\u00e1n sistematizadas y canalizadas a cada eje, lo que permitir\u00e1 una atenci\u00f3n focalizada y coordinada con otras \u00e1reas del Ayuntamiento.<\/p>\n<p>La directora subray\u00f3 que el enfoque del instituto se basa en la prevenci\u00f3n, sin discriminaci\u00f3n, sin revictimizaci\u00f3n y sin juicios, priorizando siempre la atenci\u00f3n digna y de buena fe a las mujeres que solicitan apoyo.<\/p>\n<p style=\"text-align: center;\"><strong>Diagn\u00f3stico listo en los primeros 100 d\u00edas de gobierno<\/strong><\/p>\n<p>Finalmente, inform\u00f3 que el diagn\u00f3stico situacional deber\u00e1 estar concluido dentro de los primeros 100 d\u00edas de la administraci\u00f3n municipal, lo que permitir\u00e1 poner en marcha nuevas estrategias, entre ellas acciones para la prevenci\u00f3n del embarazo en ni\u00f1as y adolescentes, uno de los ejes prioritarios del instituto.<\/p>\n<p>\u201cLos trabajos del instituto van muy bien, contamos con respaldo social, civil e institucional. Las l\u00edneas de la alcaldesa son claras: atender a ni\u00f1as, mujeres y adolescentes. Pr\u00f3ximamente presentaremos estrategias innovadoras con un enfoque distinto a lo que se ven\u00eda haciendo\u201d, concluy\u00f3.<\/p>\n","protected":false},"excerpt":{"rendered":"<p>Dar\u00edo Pale Xalapa, Ver.- En los primeros 20 d\u00edas de la actual administraci\u00f3n municipal, el Instituto Municipal de las Mujeres (IMM) ha intensificado el trabajo territorial e institucional para prevenir, atender y erradicar la violencia de g\u00e9nero, inform\u00f3 su directora, Mar\u00eda Fernanda Medina Mariscal. La funcionaria explic\u00f3 que, por instrucci\u00f3n de la alcaldesa, se ha [&hellip;]<\/p>\n","protected":false},"author":2476,"featured_media":74444,"comment_status":"open","ping_status":"open","sticky":false,"template":"","format":"standard","meta":{"_jetpack_memberships_contains_paid_content":false,"footnotes":""},"categories":[3],"tags":[],"class_list":["post-74443","post","type-post","status-publish","format-standard","has-post-thumbnail","hentry","category-xalapa"],"jetpack_featured_media_url":"https:\/\/encuentroinformativo.com.mx\/wp-content\/uploads\/2026\/01\/IMG-20260122-WA0179.jpg","jetpack_sharing_enabled":true,"jetpack_likes_enabled":true,"amp_enabled":true,"_links":{"self":[{"href":"https:\/\/encuentroinformativo.com.mx\/index.php?rest_route=\/wp\/v2\/posts\/74443","targetHints":{"allow":["GET"]}}],"collection":[{"href":"https:\/\/encuentroinformativo.com.mx\/index.php?rest_route=\/wp\/v2\/posts"}],"about":[{"href":"https:\/\/encuentroinformativo.com.mx\/index.php?rest_route=\/wp\/v2\/types\/post"}],"author":[{"embeddable":true,"href":"https:\/\/encuentroinformativo.com.mx\/index.php?rest_route=\/wp\/v2\/users\/2476"}],"replies":[{"embeddable":true,"href":"https:\/\/encuentroinformativo.com.mx\/index.php?rest_route=%2Fwp%2Fv2%2Fcomments&post=74443"}],"version-history":[{"count":1,"href":"https:\/\/encuentroinformativo.com.mx\/index.php?rest_route=\/wp\/v2\/posts\/74443\/revisions"}],"predecessor-version":[{"id":74445,"href":"https:\/\/encuentroinformativo.com.mx\/index.php?rest_route=\/wp\/v2\/posts\/74443\/revisions\/74445"}],"wp:featuredmedia":[{"embeddable":true,"href":"https:\/\/encuentroinformativo.com.mx\/index.php?rest_route=\/wp\/v2\/media\/74444"}],"wp:attachment":[{"href":"https:\/\/encuentroinformativo.com.mx\/index.php?rest_route=%2Fwp%2Fv2%2Fmedia&parent=74443"}],"wp:term":[{"taxonomy":"category","embeddable":true,"href":"https:\/\/encuentroinformativo.com.mx\/index.php?rest_route=%2Fwp%2Fv2%2Fcategories&post=74443"},{"taxonomy":"post_tag","embeddable":true,"href":"https:\/\/encuentroinformativo.com.mx\/index.php?rest_route=%2Fwp%2Fv2%2Ftags&post=74443"}],"curies":[{"name":"wp","href":"https:\/\/api.w.org\/{rel}","templated":true}]}}