{"id":74458,"date":"2026-01-22T19:40:52","date_gmt":"2026-01-23T01:40:52","guid":{"rendered":"https:\/\/encuentroinformativo.com.mx\/?p=74458"},"modified":"2026-01-22T19:40:52","modified_gmt":"2026-01-23T01:40:52","slug":"promocion-gratuita-a-comercios-con-el-proyecto-conoce-medellin","status":"publish","type":"post","link":"https:\/\/encuentroinformativo.com.mx\/?p=74458","title":{"rendered":"Promoci\u00f3n gratuita a comercios con el proyecto &#8220;Conoce Medell\u00edn\u201d"},"content":{"rendered":"<p><strong>Alejandro \u00c1vila<\/strong><\/p>\n<p>Medell\u00edn de Bravo, Ver.- El alcalde Samuel Acosta dio a conocer que con la finalidad de impulsar la econom\u00eda en el municipio se realizar\u00e1 el proyecto &#8220;Conoce Medell\u00edn&#8221;.<\/p>\n<p>Conoce Medell\u00edn es un programa pensado para peque\u00f1os, medianos y grandes emprendedores que d\u00eda a d\u00eda contribuyen al desarrollo econ\u00f3mico del municipio, ofreciendo productos y servicios de calidad. A trav\u00e9s de esta iniciativa, la ciudadan\u00eda podr\u00e1 conocer la amplia oferta comercial de Medell\u00edn de Bravo, destacando su gastronom\u00eda, servicios y atenci\u00f3n de primer nivel.<\/p>\n<p>Este proyecto ofrece a los negocios participantes herramientas profesionales de difusi\u00f3n, sin costo alguno, con el objetivo de fortalecer su presencia y alcance entre la poblaci\u00f3n.<\/p>\n<p>Beneficios para los negocios participantes:<br \/>\n\u2022 Video profesional del establecimiento<br \/>\n\u2022 Sesi\u00f3n fotogr\u00e1fica profesional<br \/>\n\u2022 Publicidad y promoci\u00f3n a trav\u00e9s de redes sociales<br \/>\n\u2022 Dise\u00f1o gr\u00e1fico para mejorar la imagen del negocio<\/p>\n<p>Para formar parte de Conoce Medell\u00edn, \u00fanicamente es necesario estar dado de alta ante el \u00e1rea de Comercio del Ayuntamiento. Las y los interesados pueden solicitar informaci\u00f3n y registrarse a trav\u00e9s de las redes sociales de Conoce Medell\u00edn.<\/p>\n","protected":false},"excerpt":{"rendered":"<p>Alejandro \u00c1vila Medell\u00edn de Bravo, Ver.- El alcalde Samuel Acosta dio a conocer que con la finalidad de impulsar la econom\u00eda en el municipio se realizar\u00e1 el proyecto &#8220;Conoce Medell\u00edn&#8221;. Conoce Medell\u00edn es un programa pensado para peque\u00f1os, medianos y grandes emprendedores que d\u00eda a d\u00eda contribuyen al desarrollo econ\u00f3mico del municipio, ofreciendo productos y [&hellip;]<\/p>\n","protected":false},"author":2476,"featured_media":74459,"comment_status":"open","ping_status":"open","sticky":false,"template":"","format":"standard","meta":{"_jetpack_memberships_contains_paid_content":false,"footnotes":""},"categories":[2],"tags":[],"class_list":["post-74458","post","type-post","status-publish","format-standard","has-post-thumbnail","hentry","category-estado"],"jetpack_featured_media_url":"https:\/\/encuentroinformativo.com.mx\/wp-content\/uploads\/2026\/01\/IMG-20260122-WA0375.jpg","jetpack_sharing_enabled":true,"jetpack_likes_enabled":true,"amp_enabled":true,"_links":{"self":[{"href":"https:\/\/encuentroinformativo.com.mx\/index.php?rest_route=\/wp\/v2\/posts\/74458","targetHints":{"allow":["GET"]}}],"collection":[{"href":"https:\/\/encuentroinformativo.com.mx\/index.php?rest_route=\/wp\/v2\/posts"}],"about":[{"href":"https:\/\/encuentroinformativo.com.mx\/index.php?rest_route=\/wp\/v2\/types\/post"}],"author":[{"embeddable":true,"href":"https:\/\/encuentroinformativo.com.mx\/index.php?rest_route=\/wp\/v2\/users\/2476"}],"replies":[{"embeddable":true,"href":"https:\/\/encuentroinformativo.com.mx\/index.php?rest_route=%2Fwp%2Fv2%2Fcomments&post=74458"}],"version-history":[{"count":1,"href":"https:\/\/encuentroinformativo.com.mx\/index.php?rest_route=\/wp\/v2\/posts\/74458\/revisions"}],"predecessor-version":[{"id":74460,"href":"https:\/\/encuentroinformativo.com.mx\/index.php?rest_route=\/wp\/v2\/posts\/74458\/revisions\/74460"}],"wp:featuredmedia":[{"embeddable":true,"href":"https:\/\/encuentroinformativo.com.mx\/index.php?rest_route=\/wp\/v2\/media\/74459"}],"wp:attachment":[{"href":"https:\/\/encuentroinformativo.com.mx\/index.php?rest_route=%2Fwp%2Fv2%2Fmedia&parent=74458"}],"wp:term":[{"taxonomy":"category","embeddable":true,"href":"https:\/\/encuentroinformativo.com.mx\/index.php?rest_route=%2Fwp%2Fv2%2Fcategories&post=74458"},{"taxonomy":"post_tag","embeddable":true,"href":"https:\/\/encuentroinformativo.com.mx\/index.php?rest_route=%2Fwp%2Fv2%2Ftags&post=74458"}],"curies":[{"name":"wp","href":"https:\/\/api.w.org\/{rel}","templated":true}]}}