{"id":74463,"date":"2026-01-23T09:43:02","date_gmt":"2026-01-23T15:43:02","guid":{"rendered":"https:\/\/encuentroinformativo.com.mx\/?p=74463"},"modified":"2026-01-23T09:43:02","modified_gmt":"2026-01-23T15:43:02","slug":"toman-secundaria-en-boca-del-rio-por-presunta-malversacion-de-fondos","status":"publish","type":"post","link":"https:\/\/encuentroinformativo.com.mx\/?p=74463","title":{"rendered":"Toman secundaria en Boca del R\u00edo por presunta malversaci\u00f3n de fondos\u00a0"},"content":{"rendered":"<p><strong>Alejandro \u00c1vila<\/strong><\/p>\n<p>Boca del R\u00edo, Ver.- Padres de alumnos de la Secundaria Federal n\u00famero 5 &#8220;Luz Mar\u00eda Llorente de Posada&#8221; ubicada en Casas Tamsa, tomaron las instalaciones del plantel educativo tras una queja por presunta malversaci\u00f3n de fondos de la Asociaci\u00f3n de Padres de Familia (APF).<\/p>\n<p>Los quejosos se\u00f1alan que desde hace dos ciclos escolares no se han entregado cuentas claras, y las instalaciones presentan severos deterioros.<\/p>\n<p>En varias aulas mencionan que los ventiladores est\u00e1n a punto de caerse, los aires acondicionados no sirven y las bancas se encuentran rotas.<\/p>\n<p>&#8220;Esta semana de las dos \u00e1reas de ba\u00f1os que tienen solo sirven los ba\u00f1os de los ni\u00f1os, y dividieron cuatro ba\u00f1os para ni\u00f1as y 4 ba\u00f1os para ni\u00f1os y son m\u00e1s de 400 alumnos, y a veces hay agua y a veces no. Entonces, se le sigue pidiendo las cuentas a la APF y dicen que ellos no tienen la obligaci\u00f3n de rendir cuentas a nadie cuando realmente no es as\u00ed, ellos en un manual que da la Secretar\u00eda de Educaci\u00f3n indica que tienen que llevar un corte de caja, una libreta de cuentas donde vengan todas las notas y otra libreta donde venga el corte mensual&#8221;, se\u00f1al\u00f3 una de las manifestantes.<\/p>\n<p>De la misma manera, dieron a conocer que, al inicio del ciclo escolar la APF solicit\u00f3 a cada alumno llevar 5 litros de productos para limpieza, y los padres de los alumnos se hicieron cargo de los gastos de pintura de cada sal\u00f3n antes del inicio de clases en agosto pasado, por lo que exponen que si la APF no hizo varios gastos, deben demostrar en que han estado invirtiendo los recursos econ\u00f3micos que ellos entregaron.<\/p>\n","protected":false},"excerpt":{"rendered":"<p>Alejandro \u00c1vila Boca del R\u00edo, Ver.- Padres de alumnos de la Secundaria Federal n\u00famero 5 &#8220;Luz Mar\u00eda Llorente de Posada&#8221; ubicada en Casas Tamsa, tomaron las instalaciones del plantel educativo tras una queja por presunta malversaci\u00f3n de fondos de la Asociaci\u00f3n de Padres de Familia (APF). Los quejosos se\u00f1alan que desde hace dos ciclos escolares [&hellip;]<\/p>\n","protected":false},"author":2476,"featured_media":74464,"comment_status":"open","ping_status":"open","sticky":false,"template":"","format":"standard","meta":{"_jetpack_memberships_contains_paid_content":false,"footnotes":""},"categories":[2],"tags":[],"class_list":["post-74463","post","type-post","status-publish","format-standard","has-post-thumbnail","hentry","category-estado"],"jetpack_featured_media_url":"https:\/\/encuentroinformativo.com.mx\/wp-content\/uploads\/2026\/01\/IMG-20260123-WA0059.jpg","jetpack_sharing_enabled":true,"jetpack_likes_enabled":true,"amp_enabled":true,"_links":{"self":[{"href":"https:\/\/encuentroinformativo.com.mx\/index.php?rest_route=\/wp\/v2\/posts\/74463","targetHints":{"allow":["GET"]}}],"collection":[{"href":"https:\/\/encuentroinformativo.com.mx\/index.php?rest_route=\/wp\/v2\/posts"}],"about":[{"href":"https:\/\/encuentroinformativo.com.mx\/index.php?rest_route=\/wp\/v2\/types\/post"}],"author":[{"embeddable":true,"href":"https:\/\/encuentroinformativo.com.mx\/index.php?rest_route=\/wp\/v2\/users\/2476"}],"replies":[{"embeddable":true,"href":"https:\/\/encuentroinformativo.com.mx\/index.php?rest_route=%2Fwp%2Fv2%2Fcomments&post=74463"}],"version-history":[{"count":1,"href":"https:\/\/encuentroinformativo.com.mx\/index.php?rest_route=\/wp\/v2\/posts\/74463\/revisions"}],"predecessor-version":[{"id":74465,"href":"https:\/\/encuentroinformativo.com.mx\/index.php?rest_route=\/wp\/v2\/posts\/74463\/revisions\/74465"}],"wp:featuredmedia":[{"embeddable":true,"href":"https:\/\/encuentroinformativo.com.mx\/index.php?rest_route=\/wp\/v2\/media\/74464"}],"wp:attachment":[{"href":"https:\/\/encuentroinformativo.com.mx\/index.php?rest_route=%2Fwp%2Fv2%2Fmedia&parent=74463"}],"wp:term":[{"taxonomy":"category","embeddable":true,"href":"https:\/\/encuentroinformativo.com.mx\/index.php?rest_route=%2Fwp%2Fv2%2Fcategories&post=74463"},{"taxonomy":"post_tag","embeddable":true,"href":"https:\/\/encuentroinformativo.com.mx\/index.php?rest_route=%2Fwp%2Fv2%2Ftags&post=74463"}],"curies":[{"name":"wp","href":"https:\/\/api.w.org\/{rel}","templated":true}]}}