{"id":74466,"date":"2026-01-23T10:10:29","date_gmt":"2026-01-23T16:10:29","guid":{"rendered":"https:\/\/encuentroinformativo.com.mx\/?p=74466"},"modified":"2026-01-23T10:54:17","modified_gmt":"2026-01-23T16:54:17","slug":"se-rehabilitara-el-estadio-xalapeno-gobernadora","status":"publish","type":"post","link":"https:\/\/encuentroinformativo.com.mx\/?p=74466","title":{"rendered":"Se rehabilitar\u00e1 el estadio xalape\u00f1o: Gobernadora"},"content":{"rendered":"<p><strong>Dar\u00edo Pale<\/strong><\/p>\n<p>Xalapa, Ver.- La gobernadora de Veracruz, Norma Roc\u00edo Nahle Garc\u00eda, anunci\u00f3 que durante el presente a\u00f1o se llevar\u00e1 a cabo la rehabilitaci\u00f3n integral del estadio xalape\u00f1o, inmueble que recientemente cumpli\u00f3 100 a\u00f1os y que representa un \u00edcono deportivo e hist\u00f3rico de la capital del estado.<\/p>\n<p>Durante su participaci\u00f3n en la Conferencia del Pueblo, encabezada por la presidenta de M\u00e9xico, Claudia Sheinbaum Pardo, la mandataria estatal inform\u00f3 que ya existe un proyecto completamente definido para la modernizaci\u00f3n del recinto, el cual se ubica frente a la Universidad Veracruzana.<\/p>\n<p>Nahle Garc\u00eda detall\u00f3 que sostuvo una conversaci\u00f3n con el director de la Comisi\u00f3n Nacional de Cultura F\u00edsica y Deporte (Conade), Romel Pacheco, a quien le propuso poner el estadio a disposici\u00f3n de dicha dependencia una vez concluidos los trabajos, con el objetivo de que Xalapa vuelva a ser sede de eventos deportivos nacionales, como ocurri\u00f3 durante muchos a\u00f1os.<\/p>\n<p>\u201cNosotros vamos a rehabilitar el estadio este a\u00f1o, ya tenemos todo: el volumen de obra y el proyecto completo. La propuesta es ponerlo a disposici\u00f3n de la Conade para que regresen los eventos deportivos\u201d, expres\u00f3 la gobernadora.<\/p>\n<p>Indic\u00f3 que la rehabilitaci\u00f3n podr\u00eda concluirse en un plazo estimado de siete a ocho meses, quedando pendiente \u00fanicamente la certificaci\u00f3n del cambio de la pista de tart\u00e1n, requisito necesario para albergar competencias oficiales.<\/p>\n<p>La gobernadora se\u00f1al\u00f3 que la propuesta fue bien recibida por el titular de la Conade, quien se comprometi\u00f3 a plantearla a la presidenta de la Rep\u00fablica, con miras a fortalecer la infraestructura deportiva del pa\u00eds de cara a futuros eventos de gran relevancia.<\/p>\n<p>Subray\u00f3 que el principal objetivo es que las instalaciones sean aprovechadas por las y los veracruzanos, pero tambi\u00e9n que vuelvan a tener un uso nacional, devolviendo a Xalapa su car\u00e1cter de sede deportiva.<\/p>\n<p>Finalmente, Norma Roc\u00edo Nahle adelant\u00f3 que los trabajos de rehabilitaci\u00f3n iniciar\u00e1n en marzo, marcando el arranque de una etapa de rescate y modernizaci\u00f3n de uno de los espacios deportivos m\u00e1s emblem\u00e1ticos de Veracruz.<\/p>\n","protected":false},"excerpt":{"rendered":"<p>Dar\u00edo Pale Xalapa, Ver.- La gobernadora de Veracruz, Norma Roc\u00edo Nahle Garc\u00eda, anunci\u00f3 que durante el presente a\u00f1o se llevar\u00e1 a cabo la rehabilitaci\u00f3n integral del estadio xalape\u00f1o, inmueble que recientemente cumpli\u00f3 100 a\u00f1os y que representa un \u00edcono deportivo e hist\u00f3rico de la capital del estado. Durante su participaci\u00f3n en la Conferencia del Pueblo, [&hellip;]<\/p>\n","protected":false},"author":2476,"featured_media":74474,"comment_status":"open","ping_status":"open","sticky":false,"template":"","format":"standard","meta":{"_jetpack_memberships_contains_paid_content":false,"footnotes":""},"categories":[2],"tags":[],"class_list":["post-74466","post","type-post","status-publish","format-standard","has-post-thumbnail","hentry","category-estado"],"jetpack_featured_media_url":"https:\/\/encuentroinformativo.com.mx\/wp-content\/uploads\/2026\/01\/IMG-20260123-WA01222.jpg","jetpack_sharing_enabled":true,"jetpack_likes_enabled":true,"amp_enabled":true,"_links":{"self":[{"href":"https:\/\/encuentroinformativo.com.mx\/index.php?rest_route=\/wp\/v2\/posts\/74466","targetHints":{"allow":["GET"]}}],"collection":[{"href":"https:\/\/encuentroinformativo.com.mx\/index.php?rest_route=\/wp\/v2\/posts"}],"about":[{"href":"https:\/\/encuentroinformativo.com.mx\/index.php?rest_route=\/wp\/v2\/types\/post"}],"author":[{"embeddable":true,"href":"https:\/\/encuentroinformativo.com.mx\/index.php?rest_route=\/wp\/v2\/users\/2476"}],"replies":[{"embeddable":true,"href":"https:\/\/encuentroinformativo.com.mx\/index.php?rest_route=%2Fwp%2Fv2%2Fcomments&post=74466"}],"version-history":[{"count":2,"href":"https:\/\/encuentroinformativo.com.mx\/index.php?rest_route=\/wp\/v2\/posts\/74466\/revisions"}],"predecessor-version":[{"id":74475,"href":"https:\/\/encuentroinformativo.com.mx\/index.php?rest_route=\/wp\/v2\/posts\/74466\/revisions\/74475"}],"wp:featuredmedia":[{"embeddable":true,"href":"https:\/\/encuentroinformativo.com.mx\/index.php?rest_route=\/wp\/v2\/media\/74474"}],"wp:attachment":[{"href":"https:\/\/encuentroinformativo.com.mx\/index.php?rest_route=%2Fwp%2Fv2%2Fmedia&parent=74466"}],"wp:term":[{"taxonomy":"category","embeddable":true,"href":"https:\/\/encuentroinformativo.com.mx\/index.php?rest_route=%2Fwp%2Fv2%2Fcategories&post=74466"},{"taxonomy":"post_tag","embeddable":true,"href":"https:\/\/encuentroinformativo.com.mx\/index.php?rest_route=%2Fwp%2Fv2%2Ftags&post=74466"}],"curies":[{"name":"wp","href":"https:\/\/api.w.org\/{rel}","templated":true}]}}