{"id":74476,"date":"2026-01-23T12:12:18","date_gmt":"2026-01-23T18:12:18","guid":{"rendered":"https:\/\/encuentroinformativo.com.mx\/?p=74476"},"modified":"2026-01-23T12:12:18","modified_gmt":"2026-01-23T18:12:18","slug":"niega-titular-de-cejum-despido-de-personal","status":"publish","type":"post","link":"https:\/\/encuentroinformativo.com.mx\/?p=74476","title":{"rendered":"Niega titular de CEJUM despido de personal"},"content":{"rendered":"<p><strong>Dar\u00edo Pale<\/strong><\/p>\n<p>Xalapa, Ver.- La coordinadora general del Centro de Justicia para las Mujeres del Estado de Veracruz (CEJUM), Pamela Ortega Medina, descart\u00f3 que exista una ola de despidos dentro de la instituci\u00f3n y asegur\u00f3 que el organismo trabaja con normalidad, manteniendo un clima laboral adecuado y enfocado en brindar una atenci\u00f3n integral y sensible a mujeres v\u00edctimas de violencia y a sus hijas e hijos.<\/p>\n<p>En entrevista, Ortega Medina se\u00f1al\u00f3 que el personal del CEJUM contin\u00faa desempe\u00f1ando sus funciones de manera regular, con el objetivo de fortalecer los servicios que se brindan a las usuarias, desmintiendo versiones que circularon recientemente sobre supuestos recortes de personal.<\/p>\n<p>En ese contexto, inform\u00f3 que este d\u00eda el CEJUM llev\u00f3 a cabo una feria de servicios en el Parque Ju\u00e1rez de Xalapa, donde diversas dependencias estatales y municipales ofrecieron atenci\u00f3n gratuita a la ciudadan\u00eda.<\/p>\n<p>Entre las instituciones participantes se encontraron el propio CEJUM, el Instituto de la Mujer, la Defensor\u00eda P\u00fablica, el Registro Civil \u2014que expidi\u00f3 documentos oficiales sin costo\u2014, as\u00ed como la Procuradur\u00eda del Medio Ambiente, SEDARPA y SEDESOL, entre otras.<\/p>\n<p>La funcionaria detall\u00f3 que el objetivo principal de estas ferias es acercar los servicios a las mujeres, especialmente a aquellas que son v\u00edctimas de violencia, brind\u00e1ndoles asesor\u00eda jur\u00eddica, canalizaci\u00f3n a otras instancias y acompa\u00f1amiento integral para garantizar su acceso a la justicia.<\/p>\n<p>En cuanto a la incidencia de violencia contra las mujeres, Ortega Medina inform\u00f3 que, en lo que va del mes de enero, el CEJUM ha registrado 39 denuncias formales, adem\u00e1s de atender a 30 mujeres que decidieron no proceder legalmente.<\/p>\n<p>Destac\u00f3 que, en los primeros 23 d\u00edas del a\u00f1o, se ha observado una alta afluencia de mujeres y un mayor \u00e1nimo para denunciar, reflejo de una creciente confianza en las instituciones.<\/p>\n<p>Explic\u00f3 que la violencia familiar contin\u00faa siendo el delito m\u00e1s recurrente y que el incremento de casos suele presentarse en periodos espec\u00edficos del a\u00f1o, como enero y los meses posteriores a las vacaciones de verano, situaci\u00f3n que atribuy\u00f3 a factores culturales y sociales, como el machismo arraigado en la sociedad mexicana.<\/p>\n<p>Sobre el miedo que enfrentan muchas mujeres para denunciar y dar seguimiento a sus casos, la coordinadora subray\u00f3 la importancia de las campa\u00f1as permanentes de prevenci\u00f3n y difusi\u00f3n, as\u00ed como la capacitaci\u00f3n y sensibilizaci\u00f3n del personal para evitar la revictimizaci\u00f3n.<\/p>\n<p>Se\u00f1al\u00f3 que el CEJUM trabaja de manera coordinada con la Fiscal\u00eda y otras instancias para garantizar un acompa\u00f1amiento continuo y seguro.<\/p>\n<p>Respecto al programa \u201cVeracruzana Protegida\u201d, indic\u00f3 que se ha brindado atenci\u00f3n a aproximadamente 400 mujeres que, aunque no presentaron una denuncia formal, optaron por solicitar \u00f3rdenes de protecci\u00f3n de manera personal para recibir apoyo de la Secretar\u00eda de Seguridad P\u00fablica.<\/p>\n<p>En cuanto a los retos para este a\u00f1o, Pamela Ortega Medina se\u00f1al\u00f3 que el CEJUM busca ampliar sus servicios, fortalecer la coordinaci\u00f3n con otras dependencias y aumentar el n\u00famero de denuncias, con el objetivo de que m\u00e1s mujeres conf\u00eden en acercarse a la instituci\u00f3n.<\/p>\n<p>Asimismo, destac\u00f3 el trabajo conjunto con el Instituto Municipal de las Mujeres de Xalapa, con quien mantienen un convenio de colaboraci\u00f3n pr\u00f3ximo a renovarse, para realizar brigadas y diagn\u00f3sticos sobre la violencia de g\u00e9nero en la ciudad.<\/p>\n<p>Finalmente, al referirse al D\u00eda Internacional de la Mujer, se\u00f1al\u00f3 que m\u00e1s que una celebraci\u00f3n, se trata de una conmemoraci\u00f3n que impulsa a redoblar esfuerzos en la prevenci\u00f3n de la violencia y en el trabajo coordinado con las autoridades para garantizar una vida libre de violencia para las mujeres.<\/p>\n","protected":false},"excerpt":{"rendered":"<p>Dar\u00edo Pale Xalapa, Ver.- La coordinadora general del Centro de Justicia para las Mujeres del Estado de Veracruz (CEJUM), Pamela Ortega Medina, descart\u00f3 que exista una ola de despidos dentro de la instituci\u00f3n y asegur\u00f3 que el organismo trabaja con normalidad, manteniendo un clima laboral adecuado y enfocado en brindar una atenci\u00f3n integral y sensible [&hellip;]<\/p>\n","protected":false},"author":2476,"featured_media":74477,"comment_status":"open","ping_status":"open","sticky":false,"template":"","format":"standard","meta":{"_jetpack_memberships_contains_paid_content":false,"footnotes":""},"categories":[2],"tags":[],"class_list":["post-74476","post","type-post","status-publish","format-standard","has-post-thumbnail","hentry","category-estado"],"jetpack_featured_media_url":"https:\/\/encuentroinformativo.com.mx\/wp-content\/uploads\/2026\/01\/IMG-20260123-WA0157.jpg","jetpack_sharing_enabled":true,"jetpack_likes_enabled":true,"amp_enabled":true,"_links":{"self":[{"href":"https:\/\/encuentroinformativo.com.mx\/index.php?rest_route=\/wp\/v2\/posts\/74476","targetHints":{"allow":["GET"]}}],"collection":[{"href":"https:\/\/encuentroinformativo.com.mx\/index.php?rest_route=\/wp\/v2\/posts"}],"about":[{"href":"https:\/\/encuentroinformativo.com.mx\/index.php?rest_route=\/wp\/v2\/types\/post"}],"author":[{"embeddable":true,"href":"https:\/\/encuentroinformativo.com.mx\/index.php?rest_route=\/wp\/v2\/users\/2476"}],"replies":[{"embeddable":true,"href":"https:\/\/encuentroinformativo.com.mx\/index.php?rest_route=%2Fwp%2Fv2%2Fcomments&post=74476"}],"version-history":[{"count":1,"href":"https:\/\/encuentroinformativo.com.mx\/index.php?rest_route=\/wp\/v2\/posts\/74476\/revisions"}],"predecessor-version":[{"id":74478,"href":"https:\/\/encuentroinformativo.com.mx\/index.php?rest_route=\/wp\/v2\/posts\/74476\/revisions\/74478"}],"wp:featuredmedia":[{"embeddable":true,"href":"https:\/\/encuentroinformativo.com.mx\/index.php?rest_route=\/wp\/v2\/media\/74477"}],"wp:attachment":[{"href":"https:\/\/encuentroinformativo.com.mx\/index.php?rest_route=%2Fwp%2Fv2%2Fmedia&parent=74476"}],"wp:term":[{"taxonomy":"category","embeddable":true,"href":"https:\/\/encuentroinformativo.com.mx\/index.php?rest_route=%2Fwp%2Fv2%2Fcategories&post=74476"},{"taxonomy":"post_tag","embeddable":true,"href":"https:\/\/encuentroinformativo.com.mx\/index.php?rest_route=%2Fwp%2Fv2%2Ftags&post=74476"}],"curies":[{"name":"wp","href":"https:\/\/api.w.org\/{rel}","templated":true}]}}