{"id":7449,"date":"2020-10-28T14:14:06","date_gmt":"2020-10-28T20:14:06","guid":{"rendered":"https:\/\/encuentroinformativo.com.mx\/?p=7449"},"modified":"2020-10-28T14:14:09","modified_gmt":"2020-10-28T20:14:09","slug":"estancadas-investigaciones-por-homicidio-de-activistas-lavida","status":"publish","type":"post","link":"https:\/\/encuentroinformativo.com.mx\/?p=7449","title":{"rendered":"Estancadas investigaciones por homicidio de activistas: LaVida"},"content":{"rendered":"\n<p><strong>Juan Arcos <\/strong><\/p>\n\n\n\n<p>Xalapa, Ver.- Las investigaciones por el asesinato de defensores del medio ambiente en el estado de Veracruz no presentan avances, lament\u00f3 Guillermo Rodr\u00edguez Curiel, integrante de La Asamblea Veracruzana de Iniciativas y Defensa Ambiental (Lavida).<\/p>\n\n\n\n<p>El entrevistado indic\u00f3 que los activistas salen a trabajar con el riesgo de no regresar, ante las constantes agresiones que han padecido en la entidad veracruzana.<\/p>\n\n\n\n<p>Record\u00f3 que a seis meses del homicidio del activista Ad\u00e1n Vez Lira, el pasado 8 de abril, la Fiscal\u00eda General del Estado (FGE) no ha dado a conocer avances en las investigaciones.<\/p>\n\n\n\n<p>A\u00f1adi\u00f3 que la pandemia del SARS-COV-2 (COVID-19) tambi\u00e9n ha entorpecido los procesos en la Fiscal\u00eda de Veracruz, cuando la procuraci\u00f3n e impartici\u00f3n de justicia debe garantizarse en todo momento.<\/p>\n\n\n\n<p>\u201cAhora los malosos la tienen muy f\u00e1cil. Tenemos el caso de mi querido hermano Ad\u00e1n Vez Lira, presentamos denuncias, evidencias, y la Fiscal\u00eda no avanza, luego lleg\u00f3 la pandemia, se cerr\u00f3 todo, luego abren y v\u00e1monos\u201d, repudi\u00f3.<\/p>\n\n\n\n<p>En ese sentido, Rodr\u00edguez Curiel reprob\u00f3 que los cr\u00edmenes de activistas y de periodistas contin\u00faen en la impunidad.\u00a0\u201cTienes una Fiscal\u00eda que no investiga, quieren que t\u00fa les lleves los datos, el trapito, el remedio y les digas: \u00e9ste fue. Y si lo atrapas te dicen que no se cumpli\u00f3 con el debido proceso, y ah\u00ed est\u00e1n afuera los malosos\u201d, critic\u00f3 el integrante de Lavida.<\/p>\n\n\n\n<p>A su parecer, las modificaciones al C\u00f3digo Penal favorecen a los delincuentes, toda vez que si la Fiscal\u00eda General del Estado no integra debidamente la carpeta de investigaci\u00f3n en su contra, quedan en libertad.<\/p>\n","protected":false},"excerpt":{"rendered":"<p>Juan Arcos Xalapa, Ver.- Las investigaciones por el asesinato de defensores del medio ambiente en el estado de Veracruz no presentan avances, lament\u00f3 Guillermo Rodr\u00edguez Curiel, integrante de La Asamblea Veracruzana de Iniciativas y Defensa Ambiental (Lavida). El entrevistado indic\u00f3 que los activistas salen a trabajar con el riesgo de no regresar, ante las constantes [&hellip;]<\/p>\n","protected":false},"author":1,"featured_media":7450,"comment_status":"open","ping_status":"open","sticky":false,"template":"","format":"standard","meta":{"_jetpack_memberships_contains_paid_content":false,"footnotes":""},"categories":[2],"tags":[],"class_list":["post-7449","post","type-post","status-publish","format-standard","has-post-thumbnail","hentry","category-estado"],"jetpack_featured_media_url":"https:\/\/encuentroinformativo.com.mx\/wp-content\/uploads\/2020\/10\/75D2833A-1F19-49CE-AA42-7CB8C826E794.jpeg","jetpack_sharing_enabled":true,"jetpack_likes_enabled":true,"amp_enabled":true,"_links":{"self":[{"href":"https:\/\/encuentroinformativo.com.mx\/index.php?rest_route=\/wp\/v2\/posts\/7449","targetHints":{"allow":["GET"]}}],"collection":[{"href":"https:\/\/encuentroinformativo.com.mx\/index.php?rest_route=\/wp\/v2\/posts"}],"about":[{"href":"https:\/\/encuentroinformativo.com.mx\/index.php?rest_route=\/wp\/v2\/types\/post"}],"author":[{"embeddable":true,"href":"https:\/\/encuentroinformativo.com.mx\/index.php?rest_route=\/wp\/v2\/users\/1"}],"replies":[{"embeddable":true,"href":"https:\/\/encuentroinformativo.com.mx\/index.php?rest_route=%2Fwp%2Fv2%2Fcomments&post=7449"}],"version-history":[{"count":1,"href":"https:\/\/encuentroinformativo.com.mx\/index.php?rest_route=\/wp\/v2\/posts\/7449\/revisions"}],"predecessor-version":[{"id":7451,"href":"https:\/\/encuentroinformativo.com.mx\/index.php?rest_route=\/wp\/v2\/posts\/7449\/revisions\/7451"}],"wp:featuredmedia":[{"embeddable":true,"href":"https:\/\/encuentroinformativo.com.mx\/index.php?rest_route=\/wp\/v2\/media\/7450"}],"wp:attachment":[{"href":"https:\/\/encuentroinformativo.com.mx\/index.php?rest_route=%2Fwp%2Fv2%2Fmedia&parent=7449"}],"wp:term":[{"taxonomy":"category","embeddable":true,"href":"https:\/\/encuentroinformativo.com.mx\/index.php?rest_route=%2Fwp%2Fv2%2Fcategories&post=7449"},{"taxonomy":"post_tag","embeddable":true,"href":"https:\/\/encuentroinformativo.com.mx\/index.php?rest_route=%2Fwp%2Fv2%2Ftags&post=7449"}],"curies":[{"name":"wp","href":"https:\/\/api.w.org\/{rel}","templated":true}]}}