{"id":74511,"date":"2026-01-25T17:30:58","date_gmt":"2026-01-25T23:30:58","guid":{"rendered":"https:\/\/encuentroinformativo.com.mx\/?p=74511"},"modified":"2026-01-25T17:30:58","modified_gmt":"2026-01-25T23:30:58","slug":"convienen-estado-municipio-encauzar-politicas-publicas-que-prioricen-la-equidad-de-genero","status":"publish","type":"post","link":"https:\/\/encuentroinformativo.com.mx\/?p=74511","title":{"rendered":"Convienen Estado &#8211; Municipio encauzar pol\u00edticas p\u00fablicas que prioricen la equidad de g\u00e9nero"},"content":{"rendered":"<p><strong>* En el municipio de Banderilla, 53 de cada 100 habitantes son mujeres.<\/strong><\/p>\n<p><strong>* En la presente administraci\u00f3n de gobierno, el 65 por ciento de los servidores p\u00fablicos esta conformado por mujeres.<\/strong><\/p>\n<p>Banderilla, Ver.- La directora general del Instituto Veracruzano de las Mujeres (IVM), Zaira Fabiola Del Toro Olivares y el presidente Municipal de Banderilla, Jos\u00e9 Antonio Sangabriel Fern\u00e1ndez, establecieron el compromiso de garantizar que las pol\u00edticas p\u00fablicas est\u00e9n orientadas para garantizar la igualdad y el acceso de las mujeres y las ni\u00f1as a una vida libre de violencia.<\/p>\n<p>En el municipio de Banderilla, donde 53 de cada 100 habitantes son mujeres, ambos servidores p\u00fablicos coincidieron en reconocer que este esfuerzo conjunto entre el estado y los municipios llevar\u00e1 su tiempo para ir avanzando, toda vez que la idiosincrasia y las costumbres arraigadas no se cambian de la noche a la ma\u00f1ana.<\/p>\n<p>Por lo pronto, destac\u00f3 el alcalde, Jos\u00e9 Antonio San Gabriel Fern\u00e1ndez, \u201cen mi administraci\u00f3n el 65 por ciento del personal est\u00e1 integrado por mujeres y con este apoyo, que en materia de capacitaci\u00f3n recibimos del IVM, en Banderilla la situaci\u00f3n va a cambiar porque durante mi gobierno las mujeres son nuestra prioridad\u201d.<\/p>\n<p>En el marco del taller de capacitaci\u00f3n: \u201cLa aplicabilidad de la Perspectiva de G\u00e9nero\u201d impartido a funcionarios del municipio de Banderilla, la titular del IVM, Zaira Fabiola Del Toro Olivares, dijo que el objetivo es sensibilizar al servidor p\u00fablico y fortalecer la incorporaci\u00f3n del enfoque de g\u00e9nero en el quehacer institucional.<\/p>\n<p>Este esfuerzo interinstitucional, agreg\u00f3, busca contribuir y ayudar a la construcci\u00f3n de espacios igualitarios. Dej\u00f3 claro que la transformaci\u00f3n comienza en quienes toman decisiones desde el nivel de gobierno m\u00e1s cercano a la comunidad, como lo es el municipio.<\/p>\n<p>Incorporar la perspectiva de g\u00e9nero y el enfoque de derechos humanos, no s\u00f3lo fortalece la funci\u00f3n p\u00fablica, tambi\u00e9n abre los caminos para que las mujeres y los hombres alcancen sus objetivos en igualdad de condiciones. Acto seguido, se tom\u00f3 protesta a los integrantes del Sistema Municipal para la Igualdad de las Mujeres y los Hombres.<\/p>\n<p>Acompa\u00f1aron a la directora general del Instituto Veracruzano de las Mujeres y al presidente municipal de Banderilla, la Sindica, Estefan\u00eda Cruz Morales; la Regidora Primera, Miriam Lagunes Mar\u00edn; la Presidenta del Sistema Municipal para el Desarrollo Integral de la Familia, Allyson Rodr\u00edguez N\u00fa\u00f1ez y la directora del Instituto Municipal de la Mujer, Elizabeth L\u00f3pez Soto.<\/p>\n<p><img loading=\"lazy\" decoding=\"async\" class=\"aligncenter size-medium wp-image-74513\" src=\"https:\/\/encuentroinformativo.com.mx\/wp-content\/uploads\/2026\/01\/IMG-20260125-WA00732-300x200.jpg\" alt=\"\" width=\"300\" height=\"200\" srcset=\"https:\/\/encuentroinformativo.com.mx\/wp-content\/uploads\/2026\/01\/IMG-20260125-WA00732-300x200.jpg 300w, https:\/\/encuentroinformativo.com.mx\/wp-content\/uploads\/2026\/01\/IMG-20260125-WA00732-1024x683.jpg 1024w, https:\/\/encuentroinformativo.com.mx\/wp-content\/uploads\/2026\/01\/IMG-20260125-WA00732-768x512.jpg 768w, https:\/\/encuentroinformativo.com.mx\/wp-content\/uploads\/2026\/01\/IMG-20260125-WA00732.jpg 1440w\" sizes=\"auto, (max-width: 300px) 100vw, 300px\" \/><\/p>\n","protected":false},"excerpt":{"rendered":"<p>* En el municipio de Banderilla, 53 de cada 100 habitantes son mujeres. * En la presente administraci\u00f3n de gobierno, el 65 por ciento de los servidores p\u00fablicos esta conformado por mujeres. Banderilla, Ver.- La directora general del Instituto Veracruzano de las Mujeres (IVM), Zaira Fabiola Del Toro Olivares y el presidente Municipal de Banderilla, [&hellip;]<\/p>\n","protected":false},"author":2476,"featured_media":74512,"comment_status":"open","ping_status":"open","sticky":false,"template":"","format":"standard","meta":{"_jetpack_memberships_contains_paid_content":false,"footnotes":""},"categories":[8],"tags":[],"class_list":["post-74511","post","type-post","status-publish","format-standard","has-post-thumbnail","hentry","category-region"],"jetpack_featured_media_url":"https:\/\/encuentroinformativo.com.mx\/wp-content\/uploads\/2026\/01\/IMG-20260125-WA00712.jpg","jetpack_sharing_enabled":true,"jetpack_likes_enabled":true,"amp_enabled":true,"_links":{"self":[{"href":"https:\/\/encuentroinformativo.com.mx\/index.php?rest_route=\/wp\/v2\/posts\/74511","targetHints":{"allow":["GET"]}}],"collection":[{"href":"https:\/\/encuentroinformativo.com.mx\/index.php?rest_route=\/wp\/v2\/posts"}],"about":[{"href":"https:\/\/encuentroinformativo.com.mx\/index.php?rest_route=\/wp\/v2\/types\/post"}],"author":[{"embeddable":true,"href":"https:\/\/encuentroinformativo.com.mx\/index.php?rest_route=\/wp\/v2\/users\/2476"}],"replies":[{"embeddable":true,"href":"https:\/\/encuentroinformativo.com.mx\/index.php?rest_route=%2Fwp%2Fv2%2Fcomments&post=74511"}],"version-history":[{"count":1,"href":"https:\/\/encuentroinformativo.com.mx\/index.php?rest_route=\/wp\/v2\/posts\/74511\/revisions"}],"predecessor-version":[{"id":74514,"href":"https:\/\/encuentroinformativo.com.mx\/index.php?rest_route=\/wp\/v2\/posts\/74511\/revisions\/74514"}],"wp:featuredmedia":[{"embeddable":true,"href":"https:\/\/encuentroinformativo.com.mx\/index.php?rest_route=\/wp\/v2\/media\/74512"}],"wp:attachment":[{"href":"https:\/\/encuentroinformativo.com.mx\/index.php?rest_route=%2Fwp%2Fv2%2Fmedia&parent=74511"}],"wp:term":[{"taxonomy":"category","embeddable":true,"href":"https:\/\/encuentroinformativo.com.mx\/index.php?rest_route=%2Fwp%2Fv2%2Fcategories&post=74511"},{"taxonomy":"post_tag","embeddable":true,"href":"https:\/\/encuentroinformativo.com.mx\/index.php?rest_route=%2Fwp%2Fv2%2Ftags&post=74511"}],"curies":[{"name":"wp","href":"https:\/\/api.w.org\/{rel}","templated":true}]}}