{"id":74515,"date":"2026-01-26T11:42:24","date_gmt":"2026-01-26T17:42:24","guid":{"rendered":"https:\/\/encuentroinformativo.com.mx\/?p=74515"},"modified":"2026-01-26T11:42:24","modified_gmt":"2026-01-26T17:42:24","slug":"sorprende-a-usuarios-aumento-en-el-precio-del-pasaje-del-servicio-urbano","status":"publish","type":"post","link":"https:\/\/encuentroinformativo.com.mx\/?p=74515","title":{"rendered":"Sorprende a usuarios aumento en el precio del pasaje del servicio urbano"},"content":{"rendered":"<p><strong>Dar\u00edo Pale<\/strong><\/p>\n<p>Xalapa, Ver.- Causa sorpresa, indignaci\u00f3n y molestia entre los usuarios del transporte p\u00fablico urbano el incremento al costo del pasaje en la capital del estado, el cual comenz\u00f3 a aplicarse desde este d\u00eda sin que exista, hasta el momento, una autorizaci\u00f3n oficial por parte de las autoridades estatales.<\/p>\n<p>Desde ayer, en algunas unidades del servicio urbano fueron colocados letreros improvisados en los que se informaba a los pasajeros que a partir de hoy el pasaje tendr\u00eda un aumento, quedando en 12 pesos para la tarifa general y 7 pesos para la preferencial.<\/p>\n<p>Sin embargo, dicho ajuste no ha sido anunciado ni avalado p\u00fablicamente por la Direcci\u00f3n de Transporte P\u00fablico.<\/p>\n<p>A pesar de que varias unidades ya exhiben en el parabrisas los nuevos precios, los usuarios se\u00f1alan que las autoridades correspondientes no han intervenido para verificar esta situaci\u00f3n, lo que representa una presunta violaci\u00f3n a la ley y a los reglamentos vigentes en materia de transporte.<\/p>\n<p>Incluso, algunos concesionarios ya entregan boletos con el nuevo costo impreso, mientras que en otras unidades el cobro se realiza sin comprobante actualizado, generando mayor confusi\u00f3n e inconformidad entre la ciudadan\u00eda.<\/p>\n<p>Usuarios afectados se\u00f1alaron que este incremento impacta directamente la econom\u00eda familiar, especialmente en un contexto de alza generalizada de precios, por lo que exigieron una pronta aclaraci\u00f3n por parte del gobierno del estado y de Transporte P\u00fablico.<\/p>\n<p>De manera extraoficial, algunos conductores y ciudadanos comentan que el aumento habr\u00eda sido acordado previamente entre autoridades y representantes del transporte durante una reuni\u00f3n sostenida la semana pasada; no obstante, dicha versi\u00f3n no ha sido confirmada por ninguna instancia oficial.<\/p>\n<p>Ante esta situaci\u00f3n, la poblaci\u00f3n demanda transparencia, respeto a la ley y una postura clara por parte de las autoridades estatales para determinar si el aumento es legal o, en su caso, proceder conforme a derecho.<\/p>\n<p><img loading=\"lazy\" decoding=\"async\" class=\"aligncenter size-medium wp-image-74518\" src=\"https:\/\/encuentroinformativo.com.mx\/wp-content\/uploads\/2026\/01\/IMG-20260126-WA0061-300x206.jpg\" alt=\"\" width=\"300\" height=\"206\" srcset=\"https:\/\/encuentroinformativo.com.mx\/wp-content\/uploads\/2026\/01\/IMG-20260126-WA0061-300x206.jpg 300w, https:\/\/encuentroinformativo.com.mx\/wp-content\/uploads\/2026\/01\/IMG-20260126-WA0061-1024x704.jpg 1024w, https:\/\/encuentroinformativo.com.mx\/wp-content\/uploads\/2026\/01\/IMG-20260126-WA0061-768x528.jpg 768w, https:\/\/encuentroinformativo.com.mx\/wp-content\/uploads\/2026\/01\/IMG-20260126-WA0061.jpg 1304w\" sizes=\"auto, (max-width: 300px) 100vw, 300px\" \/><\/p>\n","protected":false},"excerpt":{"rendered":"<p>Dar\u00edo Pale Xalapa, Ver.- Causa sorpresa, indignaci\u00f3n y molestia entre los usuarios del transporte p\u00fablico urbano el incremento al costo del pasaje en la capital del estado, el cual comenz\u00f3 a aplicarse desde este d\u00eda sin que exista, hasta el momento, una autorizaci\u00f3n oficial por parte de las autoridades estatales. Desde ayer, en algunas unidades [&hellip;]<\/p>\n","protected":false},"author":2476,"featured_media":74517,"comment_status":"open","ping_status":"open","sticky":false,"template":"","format":"standard","meta":{"_jetpack_memberships_contains_paid_content":false,"footnotes":""},"categories":[3],"tags":[],"class_list":["post-74515","post","type-post","status-publish","format-standard","has-post-thumbnail","hentry","category-xalapa"],"jetpack_featured_media_url":"https:\/\/encuentroinformativo.com.mx\/wp-content\/uploads\/2026\/01\/IMG-20260126-WA0055.jpg","jetpack_sharing_enabled":true,"jetpack_likes_enabled":true,"amp_enabled":true,"_links":{"self":[{"href":"https:\/\/encuentroinformativo.com.mx\/index.php?rest_route=\/wp\/v2\/posts\/74515","targetHints":{"allow":["GET"]}}],"collection":[{"href":"https:\/\/encuentroinformativo.com.mx\/index.php?rest_route=\/wp\/v2\/posts"}],"about":[{"href":"https:\/\/encuentroinformativo.com.mx\/index.php?rest_route=\/wp\/v2\/types\/post"}],"author":[{"embeddable":true,"href":"https:\/\/encuentroinformativo.com.mx\/index.php?rest_route=\/wp\/v2\/users\/2476"}],"replies":[{"embeddable":true,"href":"https:\/\/encuentroinformativo.com.mx\/index.php?rest_route=%2Fwp%2Fv2%2Fcomments&post=74515"}],"version-history":[{"count":1,"href":"https:\/\/encuentroinformativo.com.mx\/index.php?rest_route=\/wp\/v2\/posts\/74515\/revisions"}],"predecessor-version":[{"id":74519,"href":"https:\/\/encuentroinformativo.com.mx\/index.php?rest_route=\/wp\/v2\/posts\/74515\/revisions\/74519"}],"wp:featuredmedia":[{"embeddable":true,"href":"https:\/\/encuentroinformativo.com.mx\/index.php?rest_route=\/wp\/v2\/media\/74517"}],"wp:attachment":[{"href":"https:\/\/encuentroinformativo.com.mx\/index.php?rest_route=%2Fwp%2Fv2%2Fmedia&parent=74515"}],"wp:term":[{"taxonomy":"category","embeddable":true,"href":"https:\/\/encuentroinformativo.com.mx\/index.php?rest_route=%2Fwp%2Fv2%2Fcategories&post=74515"},{"taxonomy":"post_tag","embeddable":true,"href":"https:\/\/encuentroinformativo.com.mx\/index.php?rest_route=%2Fwp%2Fv2%2Ftags&post=74515"}],"curies":[{"name":"wp","href":"https:\/\/api.w.org\/{rel}","templated":true}]}}