{"id":74520,"date":"2026-01-26T14:38:09","date_gmt":"2026-01-26T20:38:09","guid":{"rendered":"https:\/\/encuentroinformativo.com.mx\/?p=74520"},"modified":"2026-01-26T16:10:15","modified_gmt":"2026-01-26T22:10:15","slug":"fortalecen-empresarios-coordinacion-con-distintos-niveles-de-gobierno","status":"publish","type":"post","link":"https:\/\/encuentroinformativo.com.mx\/?p=74520","title":{"rendered":"Fortalecen empresarios coordinaci\u00f3n con distintos niveles de gobierno"},"content":{"rendered":"<p><strong>Dar\u00edo Pale<\/strong><\/p>\n<p>Xalapa, Ver.- El Consejo Empresarial Metropolitano de Xalapa (CEMX) sostuvo una reuni\u00f3n de alto nivel con la presidenta de la Rep\u00fablica, Claudia Sheinbaum Pardo, y la gobernadora de Veracruz, Roc\u00edo Nahle Garc\u00eda, con el objetivo de fortalecer la coordinaci\u00f3n entre los gobiernos federal y estatal y el sector productivo de la entidad.<\/p>\n<p>As\u00ed lo dio a conocer Bernardo Mart\u00ednez R\u00edos, presidente del CEMX, quien calific\u00f3 el encuentro como relevante, necesario y constructivo, al permitir un di\u00e1logo directo para abordar temas estrat\u00e9gicos para el desarrollo econ\u00f3mico y social de Veracruz.<\/p>\n<p>En la reuni\u00f3n tambi\u00e9n participaron el secretario de Seguridad y Protecci\u00f3n Ciudadana, Omar Garc\u00eda Harfuch, integrantes del Gabinete Nacional de Seguridad, as\u00ed como el secretario de Desarrollo Econ\u00f3mico del Estado, Ernesto P\u00e9rez Astorga.<\/p>\n<p style=\"text-align: center;\"><strong>Seguridad, inversiones y empleo, ejes del di\u00e1logo<\/strong><\/p>\n<p>Durante el encuentro se analizaron diversos temas prioritarios, entre ellos la seguridad, destacando la necesidad de reforzar la vigilancia en carreteras, as\u00ed como la atracci\u00f3n de inversiones, la generaci\u00f3n y preservaci\u00f3n del empleo formal y la situaci\u00f3n que enfrenta el sector ca\u00f1ero, donde Veracruz se mantiene como primer productor nacional.<\/p>\n<p>Asimismo, el sector empresarial expuso la urgencia de ampliar la infraestructura hospitalaria del IMSS, particularmente en las ciudades de Xalapa y Veracruz, una demanda que \u2014se\u00f1al\u00f3 Mart\u00ednez R\u00edos\u2014 ha sido atendida con sensibilidad y apertura por parte de la gobernadora Roc\u00edo Nahle.<\/p>\n<p style=\"text-align: center;\"><strong>Propuesta para fortalecer a las MIPYMES<\/strong><\/p>\n<p style=\"text-align: left;\">De manera puntual, el Consejo Empresarial Metropolitano de Xalapa plante\u00f3 la replicaci\u00f3n de un modelo de financiamiento para la creaci\u00f3n de un fondo de garant\u00edas entre Nacional Financiera (NAFIN) y el Gobierno del Estado, con el prop\u00f3sito de ampliar el acceso al cr\u00e9dito para las micro, peque\u00f1as y medianas empresas (MIPYMES), generando un efecto multiplicador en la econom\u00eda local.<\/p>\n<p>Dicho esquema ser\u00eda similar al anunciado recientemente por el Gobierno del Estado para respaldar a las MIPYMES del norte de Veracruz afectadas por las lluvias registradas en octubre pasado.<\/p>\n<p>\u201cEl objetivo com\u00fan es claro: preservar a las MIPYMES, proteger el empleo formal y fortalecer el crecimiento econ\u00f3mico del estado\u201d, subray\u00f3 el dirigente empresarial.<\/p>\n<p style=\"text-align: center;\"><strong>Integraci\u00f3n al Plan M\u00e9xico y cadenas de valor<\/strong><\/p>\n<p>Mart\u00ednez R\u00edos destac\u00f3 que tambi\u00e9n se plante\u00f3 la importancia de insertar a las MIPYMES veracruzanas en el Plan M\u00e9xico, aprovechando las oportunidades que ofrece este proyecto federal, as\u00ed como integrarlas a las cadenas de valor, especialmente en las regiones donde el Gobierno del Estado ha anunciado inversiones estrat\u00e9gicas.<\/p>\n<p>Finalmente, el presidente del CEMX resalt\u00f3 que tanto la presidenta de la Rep\u00fablica como la gobernadora del estado escucharon los planteamientos del sector empresarial con respeto, atenci\u00f3n y sensibilidad, lo que genera confianza para seguir trabajando de manera coordinada.<\/p>\n<p>\u201cConfiamos en la disposici\u00f3n de los tres niveles de gobierno para impulsar acciones conjuntas que fortalezcan el desarrollo y el bienestar de Veracruz\u201d, concluy\u00f3.<\/p>\n","protected":false},"excerpt":{"rendered":"<p>Dar\u00edo Pale Xalapa, Ver.- El Consejo Empresarial Metropolitano de Xalapa (CEMX) sostuvo una reuni\u00f3n de alto nivel con la presidenta de la Rep\u00fablica, Claudia Sheinbaum Pardo, y la gobernadora de Veracruz, Roc\u00edo Nahle Garc\u00eda, con el objetivo de fortalecer la coordinaci\u00f3n entre los gobiernos federal y estatal y el sector productivo de la entidad. As\u00ed [&hellip;]<\/p>\n","protected":false},"author":2476,"featured_media":74521,"comment_status":"open","ping_status":"open","sticky":false,"template":"","format":"standard","meta":{"_jetpack_memberships_contains_paid_content":false,"footnotes":""},"categories":[2],"tags":[],"class_list":["post-74520","post","type-post","status-publish","format-standard","has-post-thumbnail","hentry","category-estado"],"jetpack_featured_media_url":"https:\/\/encuentroinformativo.com.mx\/wp-content\/uploads\/2026\/01\/IMG-20260126-WA01372.jpg","jetpack_sharing_enabled":true,"jetpack_likes_enabled":true,"amp_enabled":true,"_links":{"self":[{"href":"https:\/\/encuentroinformativo.com.mx\/index.php?rest_route=\/wp\/v2\/posts\/74520","targetHints":{"allow":["GET"]}}],"collection":[{"href":"https:\/\/encuentroinformativo.com.mx\/index.php?rest_route=\/wp\/v2\/posts"}],"about":[{"href":"https:\/\/encuentroinformativo.com.mx\/index.php?rest_route=\/wp\/v2\/types\/post"}],"author":[{"embeddable":true,"href":"https:\/\/encuentroinformativo.com.mx\/index.php?rest_route=\/wp\/v2\/users\/2476"}],"replies":[{"embeddable":true,"href":"https:\/\/encuentroinformativo.com.mx\/index.php?rest_route=%2Fwp%2Fv2%2Fcomments&post=74520"}],"version-history":[{"count":2,"href":"https:\/\/encuentroinformativo.com.mx\/index.php?rest_route=\/wp\/v2\/posts\/74520\/revisions"}],"predecessor-version":[{"id":74529,"href":"https:\/\/encuentroinformativo.com.mx\/index.php?rest_route=\/wp\/v2\/posts\/74520\/revisions\/74529"}],"wp:featuredmedia":[{"embeddable":true,"href":"https:\/\/encuentroinformativo.com.mx\/index.php?rest_route=\/wp\/v2\/media\/74521"}],"wp:attachment":[{"href":"https:\/\/encuentroinformativo.com.mx\/index.php?rest_route=%2Fwp%2Fv2%2Fmedia&parent=74520"}],"wp:term":[{"taxonomy":"category","embeddable":true,"href":"https:\/\/encuentroinformativo.com.mx\/index.php?rest_route=%2Fwp%2Fv2%2Fcategories&post=74520"},{"taxonomy":"post_tag","embeddable":true,"href":"https:\/\/encuentroinformativo.com.mx\/index.php?rest_route=%2Fwp%2Fv2%2Ftags&post=74520"}],"curies":[{"name":"wp","href":"https:\/\/api.w.org\/{rel}","templated":true}]}}