{"id":74523,"date":"2026-01-26T15:09:23","date_gmt":"2026-01-26T21:09:23","guid":{"rendered":"https:\/\/encuentroinformativo.com.mx\/?p=74523"},"modified":"2026-01-26T15:09:23","modified_gmt":"2026-01-26T21:09:23","slug":"se-reforzaran-acciones-de-seguridad-en-la-zona-norte-gobernadora","status":"publish","type":"post","link":"https:\/\/encuentroinformativo.com.mx\/?p=74523","title":{"rendered":"Se reforzar\u00e1n acciones de seguridad en la zona norte: Gobernadora"},"content":{"rendered":"<p><strong>Dar\u00edo Pale<\/strong><\/p>\n<p>Xalapa, Ver.- La gobernadora de Veracruz, Roc\u00edo Nahle Garc\u00eda, anunci\u00f3 el reforzamiento de la seguridad y de la atenci\u00f3n gubernamental en la zona norte del estado, particularmente en municipios como Poza Rica y \u00c1lamo, como parte de una estrategia coordinada con el Gobierno Federal para garantizar la paz y tranquilidad de la poblaci\u00f3n.<\/p>\n<p>Durante su gira de trabajo por Poza Rica, la mandataria estatal inform\u00f3 que se llev\u00f3 a cabo la Mesa de Seguridad y Construcci\u00f3n de la Paz en esta regi\u00f3n, donde se acord\u00f3 el env\u00edo de m\u00e1s elementos de la Guardia Nacional y de la Secretar\u00eda de Seguridad P\u00fablica del Estado, as\u00ed como el fortalecimiento de las acciones operativas y de inteligencia.<\/p>\n<p>Nahle Garc\u00eda destac\u00f3 que estas decisiones derivan del an\u00e1lisis puntual de la incidencia delictiva, el cual muestra tendencias a la baja en diversos delitos, resultado del trabajo coordinado entre los tres niveles de gobierno.<\/p>\n<p>Sin embargo, subray\u00f3 que se mantendr\u00e1 y reforzar\u00e1 la presencia institucional en el norte para evitar retrocesos.<\/p>\n<p>\u201cVamos a apoyar con todo a Poza Rica y a su presidenta municipal. Vamos a mover m\u00e1s elementos y reforzar la estrategia para garantizar la paz y la tranquilidad de toda la ciudadan\u00eda\u201d, afirm\u00f3 la gobernadora.<\/p>\n<p>Explic\u00f3 que la estrategia de seguridad se basa en cuatro ejes, entre ellos la atenci\u00f3n a las causas, el fortalecimiento de las corporaciones policiales, el uso de tecnolog\u00eda y la eliminaci\u00f3n de la impunidad, destacando que en Veracruz no solo se registran delitos, sino que tambi\u00e9n se detiene a los responsables y se integran las carpetas de investigaci\u00f3n correspondientes.<\/p>\n<p>La gobernadora resalt\u00f3 que Veracruz cuenta con escuela de polic\u00eda, lo que ha permitido la capacitaci\u00f3n, certificaci\u00f3n y depuraci\u00f3n de elementos mediante controles de confianza, adem\u00e1s del equipamiento constante de las corporaciones.<\/p>\n<p>A\u00f1adi\u00f3 que estas acciones se complementan con el apoyo permanente de fuerzas federales.<\/p>\n<p>Finalmente, Roc\u00edo Nahle reiter\u00f3 que su gobierno mantendr\u00e1 una presencia permanente en el norte del estado, no solo en materia de seguridad, sino tambi\u00e9n con acciones de atenci\u00f3n social, infraestructura y recuperaci\u00f3n urbana, con el objetivo de consolidar condiciones de estabilidad, desarrollo y bienestar para las familias veracruzanas.<\/p>\n","protected":false},"excerpt":{"rendered":"<p>Dar\u00edo Pale Xalapa, Ver.- La gobernadora de Veracruz, Roc\u00edo Nahle Garc\u00eda, anunci\u00f3 el reforzamiento de la seguridad y de la atenci\u00f3n gubernamental en la zona norte del estado, particularmente en municipios como Poza Rica y \u00c1lamo, como parte de una estrategia coordinada con el Gobierno Federal para garantizar la paz y tranquilidad de la poblaci\u00f3n. [&hellip;]<\/p>\n","protected":false},"author":2476,"featured_media":74524,"comment_status":"open","ping_status":"open","sticky":false,"template":"","format":"standard","meta":{"_jetpack_memberships_contains_paid_content":false,"footnotes":""},"categories":[2],"tags":[],"class_list":["post-74523","post","type-post","status-publish","format-standard","has-post-thumbnail","hentry","category-estado"],"jetpack_featured_media_url":"https:\/\/encuentroinformativo.com.mx\/wp-content\/uploads\/2026\/01\/FB_IMG_17694616647422.jpg","jetpack_sharing_enabled":true,"jetpack_likes_enabled":true,"amp_enabled":true,"_links":{"self":[{"href":"https:\/\/encuentroinformativo.com.mx\/index.php?rest_route=\/wp\/v2\/posts\/74523","targetHints":{"allow":["GET"]}}],"collection":[{"href":"https:\/\/encuentroinformativo.com.mx\/index.php?rest_route=\/wp\/v2\/posts"}],"about":[{"href":"https:\/\/encuentroinformativo.com.mx\/index.php?rest_route=\/wp\/v2\/types\/post"}],"author":[{"embeddable":true,"href":"https:\/\/encuentroinformativo.com.mx\/index.php?rest_route=\/wp\/v2\/users\/2476"}],"replies":[{"embeddable":true,"href":"https:\/\/encuentroinformativo.com.mx\/index.php?rest_route=%2Fwp%2Fv2%2Fcomments&post=74523"}],"version-history":[{"count":1,"href":"https:\/\/encuentroinformativo.com.mx\/index.php?rest_route=\/wp\/v2\/posts\/74523\/revisions"}],"predecessor-version":[{"id":74525,"href":"https:\/\/encuentroinformativo.com.mx\/index.php?rest_route=\/wp\/v2\/posts\/74523\/revisions\/74525"}],"wp:featuredmedia":[{"embeddable":true,"href":"https:\/\/encuentroinformativo.com.mx\/index.php?rest_route=\/wp\/v2\/media\/74524"}],"wp:attachment":[{"href":"https:\/\/encuentroinformativo.com.mx\/index.php?rest_route=%2Fwp%2Fv2%2Fmedia&parent=74523"}],"wp:term":[{"taxonomy":"category","embeddable":true,"href":"https:\/\/encuentroinformativo.com.mx\/index.php?rest_route=%2Fwp%2Fv2%2Fcategories&post=74523"},{"taxonomy":"post_tag","embeddable":true,"href":"https:\/\/encuentroinformativo.com.mx\/index.php?rest_route=%2Fwp%2Fv2%2Ftags&post=74523"}],"curies":[{"name":"wp","href":"https:\/\/api.w.org\/{rel}","templated":true}]}}