{"id":74526,"date":"2026-01-26T15:17:28","date_gmt":"2026-01-26T21:17:28","guid":{"rendered":"https:\/\/encuentroinformativo.com.mx\/?p=74526"},"modified":"2026-01-26T15:17:28","modified_gmt":"2026-01-26T21:17:28","slug":"por-ajuste-inflacionario-se-realizo-aumento-al-costo-del-pasaje","status":"publish","type":"post","link":"https:\/\/encuentroinformativo.com.mx\/?p=74526","title":{"rendered":"Por ajuste inflacionario se realiz\u00f3 aumento al costo del pasaje"},"content":{"rendered":"<p><strong>Dar\u00edo Pale<\/strong><\/p>\n<p>Xalapa, Ver.- La gobernadora de Veracruz, Roc\u00edo Nahle Garc\u00eda, explic\u00f3 que el reciente incremento en la tarifa del transporte p\u00fablico urbano en Xalapa, que pas\u00f3 de 9 a 12 pesos, obedece a un ajuste inflacionario y al aumento general de costos que enfrentan los concesionarios, particularmente tras el incremento salarial aplicado a nivel nacional desde el 1 de enero.<\/p>\n<p>Entrevistada sobre el tema, la mandataria estatal se\u00f1al\u00f3 que los concesionarios del transporte p\u00fablico presentaron una corrida financiera que evidenci\u00f3 que la tarifa vigente en la capital del estado se encontraba muy por debajo de la inflaci\u00f3n, lo que hab\u00eda provocado que varias unidades dejaran de circular por falta de viabilidad econ\u00f3mica.<\/p>\n<p>\u201cXalapa se hab\u00eda quedado muy abajo en la tarifa. Ten\u00edan a\u00f1os con un pasaje de 9 pesos, y por los kil\u00f3metros recorridos ya no les daba. Incluso hab\u00eda veh\u00edculos parados porque no pod\u00edan operar\u201d, explic\u00f3 la gobernadora.<\/p>\n<p>Roc\u00edo Nahle precis\u00f3 que el ajuste autorizado fue exclusivamente para Xalapa y que no se contempla un incremento generalizado en otros municipios, ya que en varias ciudades del estado el costo del pasaje ya es superior, como el caso de municipios donde la tarifa alcanza hasta los 15 pesos.<\/p>\n<p>En cuanto a los sectores vulnerables, inform\u00f3 que el pasaje preferencial para adultos mayores y estudiantes tuvo un aumento m\u00ednimo, pasando de 6 a 7 pesos, con el objetivo de mantener un esquema de justicia social, sin afectar de manera significativa a estos grupos.<\/p>\n<p>La gobernadora subray\u00f3 que el ajuste busca equilibrar la operaci\u00f3n del transporte p\u00fablico, garantizar la prestaci\u00f3n del servicio y evitar la reducci\u00f3n de unidades en circulaci\u00f3n, siempre considerando el impacto econ\u00f3mico en la ciudadan\u00eda.<\/p>\n<p>Finalmente, reiter\u00f3 que su gobierno mantiene un seguimiento permanente en todo el estado para tomar decisiones responsables, fortalecer las instituciones y asegurar que prevalezca el Estado de Derecho, as\u00ed como la seguridad y el bienestar de las y los veracruzanos.<\/p>\n","protected":false},"excerpt":{"rendered":"<p>Dar\u00edo Pale Xalapa, Ver.- La gobernadora de Veracruz, Roc\u00edo Nahle Garc\u00eda, explic\u00f3 que el reciente incremento en la tarifa del transporte p\u00fablico urbano en Xalapa, que pas\u00f3 de 9 a 12 pesos, obedece a un ajuste inflacionario y al aumento general de costos que enfrentan los concesionarios, particularmente tras el incremento salarial aplicado a nivel [&hellip;]<\/p>\n","protected":false},"author":2476,"featured_media":74527,"comment_status":"open","ping_status":"open","sticky":false,"template":"","format":"standard","meta":{"_jetpack_memberships_contains_paid_content":false,"footnotes":""},"categories":[2],"tags":[],"class_list":["post-74526","post","type-post","status-publish","format-standard","has-post-thumbnail","hentry","category-estado"],"jetpack_featured_media_url":"https:\/\/encuentroinformativo.com.mx\/wp-content\/uploads\/2026\/01\/IMG-20260126-WA00592.jpg","jetpack_sharing_enabled":true,"jetpack_likes_enabled":true,"amp_enabled":true,"_links":{"self":[{"href":"https:\/\/encuentroinformativo.com.mx\/index.php?rest_route=\/wp\/v2\/posts\/74526","targetHints":{"allow":["GET"]}}],"collection":[{"href":"https:\/\/encuentroinformativo.com.mx\/index.php?rest_route=\/wp\/v2\/posts"}],"about":[{"href":"https:\/\/encuentroinformativo.com.mx\/index.php?rest_route=\/wp\/v2\/types\/post"}],"author":[{"embeddable":true,"href":"https:\/\/encuentroinformativo.com.mx\/index.php?rest_route=\/wp\/v2\/users\/2476"}],"replies":[{"embeddable":true,"href":"https:\/\/encuentroinformativo.com.mx\/index.php?rest_route=%2Fwp%2Fv2%2Fcomments&post=74526"}],"version-history":[{"count":1,"href":"https:\/\/encuentroinformativo.com.mx\/index.php?rest_route=\/wp\/v2\/posts\/74526\/revisions"}],"predecessor-version":[{"id":74528,"href":"https:\/\/encuentroinformativo.com.mx\/index.php?rest_route=\/wp\/v2\/posts\/74526\/revisions\/74528"}],"wp:featuredmedia":[{"embeddable":true,"href":"https:\/\/encuentroinformativo.com.mx\/index.php?rest_route=\/wp\/v2\/media\/74527"}],"wp:attachment":[{"href":"https:\/\/encuentroinformativo.com.mx\/index.php?rest_route=%2Fwp%2Fv2%2Fmedia&parent=74526"}],"wp:term":[{"taxonomy":"category","embeddable":true,"href":"https:\/\/encuentroinformativo.com.mx\/index.php?rest_route=%2Fwp%2Fv2%2Fcategories&post=74526"},{"taxonomy":"post_tag","embeddable":true,"href":"https:\/\/encuentroinformativo.com.mx\/index.php?rest_route=%2Fwp%2Fv2%2Ftags&post=74526"}],"curies":[{"name":"wp","href":"https:\/\/api.w.org\/{rel}","templated":true}]}}