{"id":74530,"date":"2026-01-26T16:37:16","date_gmt":"2026-01-26T22:37:16","guid":{"rendered":"https:\/\/encuentroinformativo.com.mx\/?p=74530"},"modified":"2026-01-26T16:37:16","modified_gmt":"2026-01-26T22:37:16","slug":"gobernar-con-sensibilidad-rocio-nahle-amplia-la-atencion-del-crit-con-inversion-de-20-mdp","status":"publish","type":"post","link":"https:\/\/encuentroinformativo.com.mx\/?p=74530","title":{"rendered":"Gobernar con sensibilidad: Roc\u00edo Nahle ampl\u00eda la atenci\u00f3n del CRIT con inversi\u00f3n de 20 mdp"},"content":{"rendered":"<p><strong>* En 240 d\u00edas se concret\u00f3 una ampliaci\u00f3n que no hab\u00eda sido posible en 16 a\u00f1os.<\/strong><\/p>\n<p><strong>* Gestiona un nuevo CRIT con sede en Minatitl\u00e1n.<\/strong><\/p>\n<p>Poza Rica, Ver.- En el marco de la inauguraci\u00f3n del turno vespertino del Centro de Rehabilitaci\u00f3n e Inclusi\u00f3n Infantil Telet\u00f3n (CRIT) en Poza Rica, la gobernadora Roc\u00edo Nahle Garc\u00eda destac\u00f3 que esta ampliaci\u00f3n responde a una decisi\u00f3n de gobierno con sentido social, orientada a garantizar el derecho a la salud y a la atenci\u00f3n especializada de ni\u00f1as, ni\u00f1os y j\u00f3venes con discapacidad.<\/p>\n<p>Inform\u00f3 que para hacerlo posible se estableci\u00f3 un convenio con la Fundaci\u00f3n Telet\u00f3n, a trav\u00e9s del DIF Estatal, que incluy\u00f3 una inversi\u00f3n inicial de 20 millones de pesos para infraestructura, equipamiento y operaci\u00f3n.<\/p>\n<p>\u201cComo gobierno estamos obligados a ayudar; para eso llegamos, para atender a todos. Es dinero del pueblo y para eso son nuestros impuestos\u201d, se\u00f1al\u00f3, al explicar que el nuevo turno beneficiar\u00e1 a pacientes de 55 municipios de las regiones Huasteca y Totonaca.<\/p>\n<p>Record\u00f3 que esta decisi\u00f3n se tom\u00f3 tras una visita realizada en mayo pasado, cuando constat\u00f3 la alta demanda de servicios y las listas de espera, lo que deriv\u00f3 en una respuesta inmediata del Gobierno del Estado.<\/p>\n<p>Adem\u00e1s, anunci\u00f3 que su administraci\u00f3n gestiona la creaci\u00f3n de un CRIT con sede proyectada en Minatitl\u00e1n, para ampliar la cobertura hacia el sur de Veracruz y el Istmo de Tehuantepec.<\/p>\n<p>\u201cEsto es lo que tenemos que hacer como gobierno: actuar con sensibilidad y vocaci\u00f3n de servicio, porque estar en el gobierno solo tiene sentido si es para servir, especialmente a quienes m\u00e1s nos necesitan\u201d.<\/p>\n<p>Por su parte, el director general del CRIT Veracruz, \u00c1ngel Ren\u00e9 Zavaleta Mora, reconoci\u00f3 el respaldo de la Gobernadora y destac\u00f3 que en solo 240 d\u00edas se concret\u00f3 una ampliaci\u00f3n que no hab\u00eda sido posible en 16 a\u00f1os, gracias a un acompa\u00f1amiento institucional sin precedentes.<\/p>\n<p>Explic\u00f3 que el turno vespertino permitir\u00e1 atender a ni\u00f1as y ni\u00f1os que permanec\u00edan en lista de espera, incluso despu\u00e9s de las recientes inundaciones que afectaron a Poza Rica y a m\u00e1s de 300 familias usuarias, periodo en el que el CRIT fungi\u00f3 como refugio temporal y centro de acopio.<\/p>\n<p>El CRIT opera ya con personal contratado y capacitado, y que los primeros servicios vespertinos iniciaron a las 15:00 horas, garantizado el derecho a la salud, la inclusi\u00f3n y la dignidad de la ni\u00f1ez veracruzana.<\/p>\n","protected":false},"excerpt":{"rendered":"<p>* En 240 d\u00edas se concret\u00f3 una ampliaci\u00f3n que no hab\u00eda sido posible en 16 a\u00f1os. * Gestiona un nuevo CRIT con sede en Minatitl\u00e1n. Poza Rica, Ver.- En el marco de la inauguraci\u00f3n del turno vespertino del Centro de Rehabilitaci\u00f3n e Inclusi\u00f3n Infantil Telet\u00f3n (CRIT) en Poza Rica, la gobernadora Roc\u00edo Nahle Garc\u00eda destac\u00f3 [&hellip;]<\/p>\n","protected":false},"author":2476,"featured_media":74534,"comment_status":"open","ping_status":"open","sticky":false,"template":"","format":"standard","meta":{"_jetpack_memberships_contains_paid_content":false,"footnotes":""},"categories":[2],"tags":[],"class_list":["post-74530","post","type-post","status-publish","format-standard","has-post-thumbnail","hentry","category-estado"],"jetpack_featured_media_url":"https:\/\/encuentroinformativo.com.mx\/wp-content\/uploads\/2026\/01\/IMG-20260126-WA03652.jpg","jetpack_sharing_enabled":true,"jetpack_likes_enabled":true,"amp_enabled":true,"_links":{"self":[{"href":"https:\/\/encuentroinformativo.com.mx\/index.php?rest_route=\/wp\/v2\/posts\/74530","targetHints":{"allow":["GET"]}}],"collection":[{"href":"https:\/\/encuentroinformativo.com.mx\/index.php?rest_route=\/wp\/v2\/posts"}],"about":[{"href":"https:\/\/encuentroinformativo.com.mx\/index.php?rest_route=\/wp\/v2\/types\/post"}],"author":[{"embeddable":true,"href":"https:\/\/encuentroinformativo.com.mx\/index.php?rest_route=\/wp\/v2\/users\/2476"}],"replies":[{"embeddable":true,"href":"https:\/\/encuentroinformativo.com.mx\/index.php?rest_route=%2Fwp%2Fv2%2Fcomments&post=74530"}],"version-history":[{"count":1,"href":"https:\/\/encuentroinformativo.com.mx\/index.php?rest_route=\/wp\/v2\/posts\/74530\/revisions"}],"predecessor-version":[{"id":74532,"href":"https:\/\/encuentroinformativo.com.mx\/index.php?rest_route=\/wp\/v2\/posts\/74530\/revisions\/74532"}],"wp:featuredmedia":[{"embeddable":true,"href":"https:\/\/encuentroinformativo.com.mx\/index.php?rest_route=\/wp\/v2\/media\/74534"}],"wp:attachment":[{"href":"https:\/\/encuentroinformativo.com.mx\/index.php?rest_route=%2Fwp%2Fv2%2Fmedia&parent=74530"}],"wp:term":[{"taxonomy":"category","embeddable":true,"href":"https:\/\/encuentroinformativo.com.mx\/index.php?rest_route=%2Fwp%2Fv2%2Fcategories&post=74530"},{"taxonomy":"post_tag","embeddable":true,"href":"https:\/\/encuentroinformativo.com.mx\/index.php?rest_route=%2Fwp%2Fv2%2Ftags&post=74530"}],"curies":[{"name":"wp","href":"https:\/\/api.w.org\/{rel}","templated":true}]}}