{"id":74537,"date":"2026-01-27T11:26:04","date_gmt":"2026-01-27T17:26:04","guid":{"rendered":"https:\/\/encuentroinformativo.com.mx\/?p=74537"},"modified":"2026-01-27T11:26:04","modified_gmt":"2026-01-27T17:26:04","slug":"servicio-de-combi-tambien-incremento-el-costo-del-pasaje-usuarios","status":"publish","type":"post","link":"https:\/\/encuentroinformativo.com.mx\/?p=74537","title":{"rendered":"Servicio de combi tambi\u00e9n incremento el costo del pasaje: Usuarios"},"content":{"rendered":"<p><strong>Dar\u00edo Pale<\/strong><\/p>\n<p>Xalapa, Ver.- Usuarios del transporte p\u00fablico tipo combi manifestaron su inconformidad ante el reciente incremento en la tarifa, que pas\u00f3 de 7 a 12 pesos en el cobro normal, ajuste que, aseguran, fue aplicado sin previo aviso desde la ma\u00f1ana de este lunes.<\/p>\n<p>Durante un sondeo realizado en distintas rutas, una usuaria que diariamente se traslada de la colonia San Bruno al centro de la ciudad se\u00f1al\u00f3 que el aumento fue excesivo y tom\u00f3 por sorpresa a los pasajeros.<\/p>\n<p>\u201cEst\u00e1 mal, pero pues es lo que toca pagar\u201d, expres\u00f3, al se\u00f1alar que no hubo ning\u00fan aviso previo por parte de los concesionarios o autoridades.<\/p>\n<p>De acuerdo con los testimonios, la nueva tarifa qued\u00f3 establecida en 12 pesos para el pasaje general, mientras que el cobro preferencial para estudiantes y adultos mayores se mantiene en 7 pesos, siempre y cuando presenten su credencial correspondiente.<\/p>\n<p>Por su parte, conductores del servicio de combis reconocieron que el incremento ha generado opiniones divididas entre los usuarios. Antonio Mendoza, operador de la ruta 1, conocida como la Azul, explic\u00f3 que algunos pasajeros consideran justo el ajuste, mientras que otros aseguran que el cambio afecta su econom\u00eda.<\/p>\n<p>El conductor se\u00f1al\u00f3 que el aumento se da despu\u00e9s de aproximadamente 14 a\u00f1os sin modificaciones en la tarifa, periodo similar al del transporte urbano.<\/p>\n<p>\u201cAlgunos dicen que est\u00e1 bien, otros que s\u00ed les afecta porque el brinco fue mucho, de 7 a 12 pesos\u201d, coment\u00f3.<\/p>\n<p>Asimismo, explic\u00f3 que anteriormente las combis ya ten\u00edan un costo mayor en comparaci\u00f3n con el cami\u00f3n urbano, situaci\u00f3n que ahora se equipara en el cobro preferencial. Sin embargo, indic\u00f3 que hasta el momento no se les ha informado si la tarifa sufrir\u00e1 cambios durante el periodo vacacional.<\/p>\n<p>El incremento ha generado expectativa entre los usuarios, quienes esperan un pronunciamiento oficial de las autoridades de Transporte P\u00fablico para aclarar si el ajuste est\u00e1 debidamente autorizado y bajo qu\u00e9 condiciones se aplicar\u00e1 de manera general en las distintas rutas de la capital veracruzana.<\/p>\n","protected":false},"excerpt":{"rendered":"<p>Dar\u00edo Pale Xalapa, Ver.- Usuarios del transporte p\u00fablico tipo combi manifestaron su inconformidad ante el reciente incremento en la tarifa, que pas\u00f3 de 7 a 12 pesos en el cobro normal, ajuste que, aseguran, fue aplicado sin previo aviso desde la ma\u00f1ana de este lunes. Durante un sondeo realizado en distintas rutas, una usuaria que [&hellip;]<\/p>\n","protected":false},"author":2476,"featured_media":74538,"comment_status":"open","ping_status":"open","sticky":false,"template":"","format":"standard","meta":{"_jetpack_memberships_contains_paid_content":false,"footnotes":""},"categories":[3],"tags":[],"class_list":["post-74537","post","type-post","status-publish","format-standard","has-post-thumbnail","hentry","category-xalapa"],"jetpack_featured_media_url":"https:\/\/encuentroinformativo.com.mx\/wp-content\/uploads\/2026\/01\/IMG-20260127-WA01132.jpg","jetpack_sharing_enabled":true,"jetpack_likes_enabled":true,"amp_enabled":true,"_links":{"self":[{"href":"https:\/\/encuentroinformativo.com.mx\/index.php?rest_route=\/wp\/v2\/posts\/74537","targetHints":{"allow":["GET"]}}],"collection":[{"href":"https:\/\/encuentroinformativo.com.mx\/index.php?rest_route=\/wp\/v2\/posts"}],"about":[{"href":"https:\/\/encuentroinformativo.com.mx\/index.php?rest_route=\/wp\/v2\/types\/post"}],"author":[{"embeddable":true,"href":"https:\/\/encuentroinformativo.com.mx\/index.php?rest_route=\/wp\/v2\/users\/2476"}],"replies":[{"embeddable":true,"href":"https:\/\/encuentroinformativo.com.mx\/index.php?rest_route=%2Fwp%2Fv2%2Fcomments&post=74537"}],"version-history":[{"count":2,"href":"https:\/\/encuentroinformativo.com.mx\/index.php?rest_route=\/wp\/v2\/posts\/74537\/revisions"}],"predecessor-version":[{"id":74540,"href":"https:\/\/encuentroinformativo.com.mx\/index.php?rest_route=\/wp\/v2\/posts\/74537\/revisions\/74540"}],"wp:featuredmedia":[{"embeddable":true,"href":"https:\/\/encuentroinformativo.com.mx\/index.php?rest_route=\/wp\/v2\/media\/74538"}],"wp:attachment":[{"href":"https:\/\/encuentroinformativo.com.mx\/index.php?rest_route=%2Fwp%2Fv2%2Fmedia&parent=74537"}],"wp:term":[{"taxonomy":"category","embeddable":true,"href":"https:\/\/encuentroinformativo.com.mx\/index.php?rest_route=%2Fwp%2Fv2%2Fcategories&post=74537"},{"taxonomy":"post_tag","embeddable":true,"href":"https:\/\/encuentroinformativo.com.mx\/index.php?rest_route=%2Fwp%2Fv2%2Ftags&post=74537"}],"curies":[{"name":"wp","href":"https:\/\/api.w.org\/{rel}","templated":true}]}}