{"id":7455,"date":"2020-10-28T15:02:19","date_gmt":"2020-10-28T21:02:19","guid":{"rendered":"https:\/\/encuentroinformativo.com.mx\/?p=7455"},"modified":"2020-10-28T15:02:23","modified_gmt":"2020-10-28T21:02:23","slug":"continuan-fracasos-en-procuracion-de-justicia-afirma-solecito","status":"publish","type":"post","link":"https:\/\/encuentroinformativo.com.mx\/?p=7455","title":{"rendered":"Contin\u00faan fracasos en procuraci\u00f3n de justicia, afirma Solecito"},"content":{"rendered":"\n<p><strong>Dar\u00edo Pale <\/strong><\/p>\n\n\n\n<p>Xalapa, Ver.- La enlace del Colectivo Solecito Luc\u00eda D\u00edaz Genao\u00a0dio a conocer que mandos polic\u00edacos asociados a violaciones a derechos humanos siguen en activo en el gobierno de Cuitl\u00e1huac Garc\u00eda Jim\u00e9nez, por lo que\u00a0contin\u00faa el fen\u00f3meno de desapariciones de personas.<\/p>\n\n\n\n<p>Entrevistada previo a la entrega de viviendas a familiares de polic\u00edas desaparecidos enfatiz\u00f3 que en el caso de los colectivos de b\u00fasqueda de personas, &#8220;nadie tiene nada&#8221; de resultados.<\/p>\n\n\n\n<p>&#8220;Ning\u00fan proceso, ning\u00fan indiciado por esos casos. En mi caso tengo a\u00f1os con indiciados y estoy esperando que la unidad de combate al secuestro haga algo&#8221;.<\/p>\n\n\n\n<p>Por lo que calific\u00f3 de &#8220;fracaso&#8221; la procuraci\u00f3n de justicia en la entidad,\u00a0adem\u00e1s cuestion\u00f3 la cifra de mil 200 cuerpos pendientes de identificaci\u00f3n que dio la Fiscal General del Estado de Veracruz Ver\u00f3nica Hern\u00e1ndez Giad\u00e1ns.<\/p>\n\n\n\n<p>&#8220;La Fiscal dijo que mil 200, pero es una cifra ni remotamente parecida a la realidad. Muchos restos ya est\u00e1n panteones y fosas com\u00fanes y habr\u00e1 que exhumarlos y tratar de darle identidad&#8221;, coment\u00f3.<\/p>\n\n\n\n<p>En cuanto a los casos de desaparecidos dio a conocer que\u00a0&#8220;hay muchos mandos todav\u00eda, muchas cosas que hay que corregir, hay muchos mandos que tienen que anular y no cambiar de un sector a otro, para que esto se detenga tienen que cambiar muchas estructuras&#8221;, por lo que\u00a0enfatiz\u00f3 en depurar, capacitar y profesionalizar a los cuerpos policiacos.<\/p>\n\n\n\n<p>A\u00f1adi\u00f3 que por la pandemia, los colectivos no se reunieron con el Gobernador del Estado en el tema de desapariciones de personas, por lo que\u00a0urgi\u00f3 a retomar la atenci\u00f3n de la Fiscal\u00eda con las familias de personas desaparecidas en vista del rezago y el abandono en las carpetas de investigaci\u00f3n.<\/p>\n\n\n\n<p>&#8220;No puede ser un ente aislado, el fiscal se tiene que estar empapando de todo lo que sucede en el estado, es necesario que la Fiscal General se disponga a llamar las familias, a acercarse y hacer un esfuerzo de colaboraci\u00f3n para que se den resultados&#8221;, finaliz\u00f3.<\/p>\n","protected":false},"excerpt":{"rendered":"<p>Dar\u00edo Pale Xalapa, Ver.- La enlace del Colectivo Solecito Luc\u00eda D\u00edaz Genao\u00a0dio a conocer que mandos polic\u00edacos asociados a violaciones a derechos humanos siguen en activo en el gobierno de Cuitl\u00e1huac Garc\u00eda Jim\u00e9nez, por lo que\u00a0contin\u00faa el fen\u00f3meno de desapariciones de personas. Entrevistada previo a la entrega de viviendas a familiares de polic\u00edas desaparecidos enfatiz\u00f3 [&hellip;]<\/p>\n","protected":false},"author":1,"featured_media":7456,"comment_status":"open","ping_status":"open","sticky":false,"template":"","format":"standard","meta":{"_jetpack_memberships_contains_paid_content":false,"footnotes":""},"categories":[2],"tags":[],"class_list":["post-7455","post","type-post","status-publish","format-standard","has-post-thumbnail","hentry","category-estado"],"jetpack_featured_media_url":"https:\/\/encuentroinformativo.com.mx\/wp-content\/uploads\/2020\/10\/6276BF37-FDE8-4F45-97BC-F2604CB4957A.jpeg","jetpack_sharing_enabled":true,"jetpack_likes_enabled":true,"amp_enabled":true,"_links":{"self":[{"href":"https:\/\/encuentroinformativo.com.mx\/index.php?rest_route=\/wp\/v2\/posts\/7455","targetHints":{"allow":["GET"]}}],"collection":[{"href":"https:\/\/encuentroinformativo.com.mx\/index.php?rest_route=\/wp\/v2\/posts"}],"about":[{"href":"https:\/\/encuentroinformativo.com.mx\/index.php?rest_route=\/wp\/v2\/types\/post"}],"author":[{"embeddable":true,"href":"https:\/\/encuentroinformativo.com.mx\/index.php?rest_route=\/wp\/v2\/users\/1"}],"replies":[{"embeddable":true,"href":"https:\/\/encuentroinformativo.com.mx\/index.php?rest_route=%2Fwp%2Fv2%2Fcomments&post=7455"}],"version-history":[{"count":1,"href":"https:\/\/encuentroinformativo.com.mx\/index.php?rest_route=\/wp\/v2\/posts\/7455\/revisions"}],"predecessor-version":[{"id":7457,"href":"https:\/\/encuentroinformativo.com.mx\/index.php?rest_route=\/wp\/v2\/posts\/7455\/revisions\/7457"}],"wp:featuredmedia":[{"embeddable":true,"href":"https:\/\/encuentroinformativo.com.mx\/index.php?rest_route=\/wp\/v2\/media\/7456"}],"wp:attachment":[{"href":"https:\/\/encuentroinformativo.com.mx\/index.php?rest_route=%2Fwp%2Fv2%2Fmedia&parent=7455"}],"wp:term":[{"taxonomy":"category","embeddable":true,"href":"https:\/\/encuentroinformativo.com.mx\/index.php?rest_route=%2Fwp%2Fv2%2Fcategories&post=7455"},{"taxonomy":"post_tag","embeddable":true,"href":"https:\/\/encuentroinformativo.com.mx\/index.php?rest_route=%2Fwp%2Fv2%2Ftags&post=7455"}],"curies":[{"name":"wp","href":"https:\/\/api.w.org\/{rel}","templated":true}]}}