{"id":74563,"date":"2026-01-28T11:05:10","date_gmt":"2026-01-28T17:05:10","guid":{"rendered":"https:\/\/encuentroinformativo.com.mx\/?p=74563"},"modified":"2026-01-28T11:05:10","modified_gmt":"2026-01-28T17:05:10","slug":"buscara-ayuntamiento-relanzar-centros-comunitarios","status":"publish","type":"post","link":"https:\/\/encuentroinformativo.com.mx\/?p=74563","title":{"rendered":"Buscar\u00e1 Ayuntamiento relanzar Centros Comunitarios"},"content":{"rendered":"<p><strong>Dar\u00edo Pale<\/strong><\/p>\n<p>Xalapa, Ver.- El Ayuntamiento de Xalapa, a trav\u00e9s de la Direcci\u00f3n de Desarrollo Social, alista un proyecto de relanzamiento de los centros comunitarios, con el objetivo de fortalecer el bienestar, la inclusi\u00f3n social y el desarrollo integral de la poblaci\u00f3n, especialmente en zonas vulnerables del municipio.<\/p>\n<p>As\u00ed lo dio a conocer Mar\u00eda Consuelo Niembro Dom\u00ednguez, directora de Desarrollo Social, quien inform\u00f3 que actualmente Xalapa cuenta con 16 centros comunitarios, ubicados principalmente en congregaciones y en la periferia de la zona urbana.<\/p>\n<p>La funcionaria explic\u00f3 que este proyecto responde a la visi\u00f3n de la presidenta municipal Daniela Griego Ceballos, enfocada en generar condiciones que garanticen los derechos de la poblaci\u00f3n, particularmente de quienes enfrentan situaciones sociales o econ\u00f3micas m\u00e1s complejas.<\/p>\n<p>\u201cTodas las personas tienen derecho al esparcimiento, la recreaci\u00f3n, la cultura, la educaci\u00f3n, la salud y el empleo. Desde los centros comunitarios buscamos propiciar el acceso a estos derechos fundamentales\u201d, se\u00f1al\u00f3.<\/p>\n<p>Detall\u00f3 que uno de los ejes principales del relanzamiento es el fortalecimiento del v\u00ednculo con la tierra, mediante huertos urbanos, donde principalmente mujeres participan activamente cultivando hortalizas y plantas medicinales, fomentando la convivencia, el trabajo colectivo y el bienestar emocional.<\/p>\n<p>Asimismo, se impulsa un enlace intergeneracional, para que ni\u00f1as, ni\u00f1os y j\u00f3venes aprendan de los saberes y experiencias de personas adultas mayores, fortaleciendo la identidad comunitaria y el intercambio de conocimientos.<\/p>\n<p>Niembro Dom\u00ednguez destac\u00f3 que los centros comunitarios tambi\u00e9n ofrecer\u00e1n opciones culturales y recreativas para j\u00f3venes, como m\u00fasica, teatro y danza, permiti\u00e9ndoles expresar su identidad cultural y fortalecer el tejido social.<\/p>\n<p>Ante la diversidad cultural que caracteriza a Xalapa, explic\u00f3 que el proyecto busca que estos espacios se conviertan en puntos de intercambio de saberes, tradiciones e identidades, donde la cultura conviva como una expresi\u00f3n fundamental de los distintos grupos sociales.<\/p>\n<p>En materia econ\u00f3mica, indic\u00f3 que los centros contar\u00e1n con el respaldo de instituciones como El Icatver, as\u00ed como el trabajo coordinado con la Direcci\u00f3n de Desarrollo Econ\u00f3mico, para fomentar el autoempleo y las econom\u00edas solidarias, principalmente entre mujeres jefas de familia.<\/p>\n<p>Entre las opciones que se ofrecer\u00e1n se encuentran certificaciones y capacitaci\u00f3n en reposter\u00eda, panader\u00eda, as\u00ed como el funcionamiento de comedores comunitarios, con el fin de fortalecer el sustento familiar.<\/p>\n<p>Finalmente, la directora subray\u00f3 que el relanzamiento tambi\u00e9n contempla avanzar hacia un sistema de cuidados, que permita a las mujeres contar con m\u00e1s tiempo libre.<\/p>\n<p>Para ello, se analiza la instalaci\u00f3n de centros de lavado comunitarios, donde mientras se realiza esta actividad, las mujeres puedan acceder a espacios de recreaci\u00f3n, baile y actividades culturales.<\/p>\n<p>\u201cBuscamos que las mujeres tambi\u00e9n tengan tiempo para ellas, para su bienestar y desarrollo personal\u201d, concluy\u00f3.<\/p>\n","protected":false},"excerpt":{"rendered":"<p>Dar\u00edo Pale Xalapa, Ver.- El Ayuntamiento de Xalapa, a trav\u00e9s de la Direcci\u00f3n de Desarrollo Social, alista un proyecto de relanzamiento de los centros comunitarios, con el objetivo de fortalecer el bienestar, la inclusi\u00f3n social y el desarrollo integral de la poblaci\u00f3n, especialmente en zonas vulnerables del municipio. As\u00ed lo dio a conocer Mar\u00eda Consuelo [&hellip;]<\/p>\n","protected":false},"author":2476,"featured_media":74564,"comment_status":"open","ping_status":"open","sticky":false,"template":"","format":"standard","meta":{"_jetpack_memberships_contains_paid_content":false,"footnotes":""},"categories":[3],"tags":[],"class_list":["post-74563","post","type-post","status-publish","format-standard","has-post-thumbnail","hentry","category-xalapa"],"jetpack_featured_media_url":"https:\/\/encuentroinformativo.com.mx\/wp-content\/uploads\/2026\/01\/IMG-20260128-WA0077.jpg","jetpack_sharing_enabled":true,"jetpack_likes_enabled":true,"amp_enabled":true,"_links":{"self":[{"href":"https:\/\/encuentroinformativo.com.mx\/index.php?rest_route=\/wp\/v2\/posts\/74563","targetHints":{"allow":["GET"]}}],"collection":[{"href":"https:\/\/encuentroinformativo.com.mx\/index.php?rest_route=\/wp\/v2\/posts"}],"about":[{"href":"https:\/\/encuentroinformativo.com.mx\/index.php?rest_route=\/wp\/v2\/types\/post"}],"author":[{"embeddable":true,"href":"https:\/\/encuentroinformativo.com.mx\/index.php?rest_route=\/wp\/v2\/users\/2476"}],"replies":[{"embeddable":true,"href":"https:\/\/encuentroinformativo.com.mx\/index.php?rest_route=%2Fwp%2Fv2%2Fcomments&post=74563"}],"version-history":[{"count":1,"href":"https:\/\/encuentroinformativo.com.mx\/index.php?rest_route=\/wp\/v2\/posts\/74563\/revisions"}],"predecessor-version":[{"id":74565,"href":"https:\/\/encuentroinformativo.com.mx\/index.php?rest_route=\/wp\/v2\/posts\/74563\/revisions\/74565"}],"wp:featuredmedia":[{"embeddable":true,"href":"https:\/\/encuentroinformativo.com.mx\/index.php?rest_route=\/wp\/v2\/media\/74564"}],"wp:attachment":[{"href":"https:\/\/encuentroinformativo.com.mx\/index.php?rest_route=%2Fwp%2Fv2%2Fmedia&parent=74563"}],"wp:term":[{"taxonomy":"category","embeddable":true,"href":"https:\/\/encuentroinformativo.com.mx\/index.php?rest_route=%2Fwp%2Fv2%2Fcategories&post=74563"},{"taxonomy":"post_tag","embeddable":true,"href":"https:\/\/encuentroinformativo.com.mx\/index.php?rest_route=%2Fwp%2Fv2%2Ftags&post=74563"}],"curies":[{"name":"wp","href":"https:\/\/api.w.org\/{rel}","templated":true}]}}