{"id":74566,"date":"2026-01-28T13:05:51","date_gmt":"2026-01-28T19:05:51","guid":{"rendered":"https:\/\/encuentroinformativo.com.mx\/?p=74566"},"modified":"2026-01-28T13:05:51","modified_gmt":"2026-01-28T19:05:51","slug":"alcalde-de-carranza-busca-coordinacion-con-distintos-ordenes-de-gobierno","status":"publish","type":"post","link":"https:\/\/encuentroinformativo.com.mx\/?p=74566","title":{"rendered":"Alcalde de Carranza busca coordinaci\u00f3n con distintos \u00f3rdenes de gobierno"},"content":{"rendered":"<p><strong>Dar\u00edo Pale<\/strong><\/p>\n<p>Xalapa, Ver.- El alcalde de Jes\u00fas Carranza, Ranferi Plata Rodr\u00edguez, afirm\u00f3 que su administraci\u00f3n trabajar\u00e1 de manera coordinada con el Gobierno del Estado y el Gobierno Federal, al se\u00f1alar que la situaci\u00f3n de su municipio requiere un esfuerzo conjunto de los tres \u00f3rdenes de gobierno para impulsar el desarrollo y mejorar las condiciones de vida de la poblaci\u00f3n.<\/p>\n<p>Durante una conferencia de prensa realizada en la capital del estado, el edil explic\u00f3 que su visita a Xalapa tuvo como objetivo reafirmar su compromiso de colaboraci\u00f3n institucional, dejando de lado diferencias partidistas en favor del bienestar de la regi\u00f3n sur de Veracruz.<\/p>\n<p>\u201cVamos a trabajar y hacer todo lo posible para hacer equipo con la gobernadora y con la presidenta. La situaci\u00f3n de nuestro municipio requiere un trabajo conjunto para lograr ese sue\u00f1o que tiene toda la regi\u00f3n sur: prosperar y tener mejores condiciones de desarrollo\u201d, expres\u00f3.<\/p>\n<p>Plata Rodr\u00edguez, quien gan\u00f3 la alcald\u00eda por el Partido Acci\u00f3n Nacional (PAN), dej\u00f3 en claro que, pese a ello, simpatiza con el movimiento de Morena, al se\u00f1alar que su trayectoria pol\u00edtica se form\u00f3 dentro de dicho proyecto.<\/p>\n<p>\u201cYo nac\u00ed en el movimiento, trabaj\u00e9 en el movimiento y crec\u00ed en el movimiento. Los partidos son el medio legal para llegar, pero una vez en la administraci\u00f3n debemos ser apartidistas y responderle a la poblaci\u00f3n\u201d, puntualiz\u00f3.<\/p>\n<p>El presidente municipal destac\u00f3 que su cabildo est\u00e1 integrado por representantes de distintas fuerzas pol\u00edticas, como Morena, Movimiento Ciudadano y PAN, lo que \u2014dijo\u2014 demuestra que es posible trabajar en unidad pese a las diferencias ideol\u00f3gicas.<\/p>\n<p>Asimismo, inform\u00f3 que mantiene di\u00e1logo con alcaldes de municipios vecinos como Uxpanapa y Sayula, con quienes busca conformar un bloque regional, principalmente para atender temas del sector ganadero, actividad productiva clave en la zona.<\/p>\n<p>En este contexto, resalt\u00f3 la importancia de Jes\u00fas Carranza dentro del Corredor Interoce\u00e1nico y la necesidad de fortalecer estrategias sanitarias, especialmente para combatir el gusano barrenador, la rabia paral\u00edtica bovina y el abigeato, adem\u00e1s de reforzar la trazabilidad del ganado.<\/p>\n<p>Plata Rodr\u00edguez, m\u00e9dico veterinario de profesi\u00f3n, indic\u00f3 que se trabajar\u00e1 de la mano con la Uni\u00f3n Ganadera Regional y autoridades sanitarias para implementar campa\u00f1as de vacunaci\u00f3n, capacitaci\u00f3n y sanidad animal, as\u00ed como talleres productivos para el sector agropecuario.<\/p>\n<p>Sobre la situaci\u00f3n clim\u00e1tica, reconoci\u00f3 que el cambio clim\u00e1tico representa un reto, aunque asegur\u00f3 que los ganaderos del municipio se han preparado con pasturas, represas y pr\u00e1cticas de ganader\u00eda regenerativa, en la que Jes\u00fas Carranza se ha convertido en un municipio pionero.<\/p>\n<p>En cuanto al proceso de entrega-recepci\u00f3n, el alcalde calific\u00f3 la situaci\u00f3n como complicada, al se\u00f1alar que se detectaron deudas, caminos en mal estado y parque vehicular deteriorado. No obstante, aclar\u00f3 que ser\u00e1 el \u00d3rgano de Fiscalizaci\u00f3n Superior (ORFIS) quien determine las posibles responsabilidades.<\/p>\n<p>\u201cNosotros haremos lo correspondiente y presentaremos el dictamen en v\u00eda de opini\u00f3n. No podemos ser juez y parte\u201d, subray\u00f3.<\/p>\n<p>Finalmente, el edil descart\u00f3 haber recibido presiones formales para sumarse a Morena y sostuvo que cualquier decisi\u00f3n pol\u00edtica debe estar guiada por el beneficio de las comunidades.<\/p>\n<p>\u201cSi queremos que le vaya bien a nuestros municipios, tenemos que trabajar s\u00ed o s\u00ed con el gobierno del estado y el gobierno federal\u201d, concluy\u00f3.<\/p>\n","protected":false},"excerpt":{"rendered":"<p>Dar\u00edo Pale Xalapa, Ver.- El alcalde de Jes\u00fas Carranza, Ranferi Plata Rodr\u00edguez, afirm\u00f3 que su administraci\u00f3n trabajar\u00e1 de manera coordinada con el Gobierno del Estado y el Gobierno Federal, al se\u00f1alar que la situaci\u00f3n de su municipio requiere un esfuerzo conjunto de los tres \u00f3rdenes de gobierno para impulsar el desarrollo y mejorar las condiciones [&hellip;]<\/p>\n","protected":false},"author":2476,"featured_media":74567,"comment_status":"open","ping_status":"open","sticky":false,"template":"","format":"standard","meta":{"_jetpack_memberships_contains_paid_content":false,"footnotes":""},"categories":[2],"tags":[],"class_list":["post-74566","post","type-post","status-publish","format-standard","has-post-thumbnail","hentry","category-estado"],"jetpack_featured_media_url":"https:\/\/encuentroinformativo.com.mx\/wp-content\/uploads\/2026\/01\/IMG-20260128-WA01533.jpg","jetpack_sharing_enabled":true,"jetpack_likes_enabled":true,"amp_enabled":true,"_links":{"self":[{"href":"https:\/\/encuentroinformativo.com.mx\/index.php?rest_route=\/wp\/v2\/posts\/74566","targetHints":{"allow":["GET"]}}],"collection":[{"href":"https:\/\/encuentroinformativo.com.mx\/index.php?rest_route=\/wp\/v2\/posts"}],"about":[{"href":"https:\/\/encuentroinformativo.com.mx\/index.php?rest_route=\/wp\/v2\/types\/post"}],"author":[{"embeddable":true,"href":"https:\/\/encuentroinformativo.com.mx\/index.php?rest_route=\/wp\/v2\/users\/2476"}],"replies":[{"embeddable":true,"href":"https:\/\/encuentroinformativo.com.mx\/index.php?rest_route=%2Fwp%2Fv2%2Fcomments&post=74566"}],"version-history":[{"count":2,"href":"https:\/\/encuentroinformativo.com.mx\/index.php?rest_route=\/wp\/v2\/posts\/74566\/revisions"}],"predecessor-version":[{"id":74569,"href":"https:\/\/encuentroinformativo.com.mx\/index.php?rest_route=\/wp\/v2\/posts\/74566\/revisions\/74569"}],"wp:featuredmedia":[{"embeddable":true,"href":"https:\/\/encuentroinformativo.com.mx\/index.php?rest_route=\/wp\/v2\/media\/74567"}],"wp:attachment":[{"href":"https:\/\/encuentroinformativo.com.mx\/index.php?rest_route=%2Fwp%2Fv2%2Fmedia&parent=74566"}],"wp:term":[{"taxonomy":"category","embeddable":true,"href":"https:\/\/encuentroinformativo.com.mx\/index.php?rest_route=%2Fwp%2Fv2%2Fcategories&post=74566"},{"taxonomy":"post_tag","embeddable":true,"href":"https:\/\/encuentroinformativo.com.mx\/index.php?rest_route=%2Fwp%2Fv2%2Ftags&post=74566"}],"curies":[{"name":"wp","href":"https:\/\/api.w.org\/{rel}","templated":true}]}}