{"id":7463,"date":"2020-10-28T16:06:07","date_gmt":"2020-10-28T22:06:07","guid":{"rendered":"https:\/\/encuentroinformativo.com.mx\/?p=7463"},"modified":"2020-10-28T16:06:09","modified_gmt":"2020-10-28T22:06:09","slug":"invivienda-debera-denunciar-a-invasores-de-el-coyol","status":"publish","type":"post","link":"https:\/\/encuentroinformativo.com.mx\/?p=7463","title":{"rendered":"INVIVIENDA deber\u00e1 denunciar a invasores de El Coyol"},"content":{"rendered":"\n<p><strong>Alejandro \u00c1vila<\/strong><\/p>\n\n\n\n<p>Veracruz, Ver.- El predio que intent\u00f3 ser invadido en la secci\u00f3n 5 de la Unidad Habitacional el Coyol pertenece a INVIVIENDA, y ser\u00e1n ellos quienes deben denunciar ante la Fiscal\u00eda General del Estado (FGE) a las personas que intentaron invadir y apoderarse del lugar la noche de este martes.<\/p>\n\n\n\n<p>Gianfranco Melchor Robinson, director de Gobernaci\u00f3n del Ayuntamiento de Veracruz, mencion\u00f3 que gracias a la red de vecinos fueron notificados de este acto ilegal, por lo que acudieron a mediar la situaci\u00f3n ya que la noche de este martes los \u00e1nimos estaban alterados y podr\u00eda darse un enfrentamiento entre invasores y vecinos.<\/p>\n\n\n\n<p>\u201cEs un predio que es del Instituto de la Vivienda del Estado (INVIVIENDA), que ya tambi\u00e9n fue notificado, para que en el transcurso del d\u00eda tome las medidas pertinentes que correspondan (\u2026) en el transcurso de la noche se tuvo vigilancia por parte de la Polic\u00eda Naval y Polic\u00eda del Estado, para estar con presencia f\u00edsica con elementos, para disuadir ah\u00ed que pudieran retornar\u201d, mencion\u00f3 el funcionario municipal Melchor Robinson, dijo que se cuentan con fotograf\u00edas de los infractores y aunque a\u00fan no los identifican como integrantes de alg\u00fan grupo que se dedique a estas acciones fuera de la ley, podr\u00eda tratarse de sujetos que viven cerca de la zona poniente de la ciudad.<\/p>\n\n\n\n<p>\u201cTenemos fotos de las personas, hasta este momento no tenemos identificadas que sean de alguna asociaci\u00f3n, en este momento, creemos que s\u00ed son de alguna colonia aleda\u00f1a, por la forma en que tan r\u00e1pido se movieron para ya a empezar a llevar estacas, ten\u00edan un asador, conectados a la luz, la log\u00edstica la ten\u00edan muy preparada\u201d, agreg\u00f3.<\/p>\n\n\n\n<p>Seg\u00fan informaci\u00f3n del Ayuntamiento de Veracruz a trav\u00e9s de la direcci\u00f3n de Gobernaci\u00f3n, en este 2020 solo ha sucedido una situaci\u00f3n similar, a principios de a\u00f1o en la colonia Amapolas.<\/p>\n\n\n\n<p>\u201cA principios de a\u00f1o se tuvo uno all\u00e1 en el de Amapolas, que tambi\u00e9n fue muy sonado, de hecho ya la Fiscal\u00eda gir\u00f3 las \u00f3rdenes de desalojo o las cumpli\u00f3 m\u00e1s bien, y ya desalojaron algunos predios que estaban invadidos\u201d, remat\u00f3.<\/p>\n","protected":false},"excerpt":{"rendered":"<p>Alejandro \u00c1vila Veracruz, Ver.- El predio que intent\u00f3 ser invadido en la secci\u00f3n 5 de la Unidad Habitacional el Coyol pertenece a INVIVIENDA, y ser\u00e1n ellos quienes deben denunciar ante la Fiscal\u00eda General del Estado (FGE) a las personas que intentaron invadir y apoderarse del lugar la noche de este martes. Gianfranco Melchor Robinson, director [&hellip;]<\/p>\n","protected":false},"author":1,"featured_media":7464,"comment_status":"open","ping_status":"open","sticky":false,"template":"","format":"standard","meta":{"_jetpack_memberships_contains_paid_content":false,"footnotes":""},"categories":[2],"tags":[],"class_list":["post-7463","post","type-post","status-publish","format-standard","has-post-thumbnail","hentry","category-estado"],"jetpack_featured_media_url":"https:\/\/encuentroinformativo.com.mx\/wp-content\/uploads\/2020\/10\/75B829AF-3F51-48D9-B4E6-87601A7AD9ED.jpeg","jetpack_sharing_enabled":true,"jetpack_likes_enabled":true,"amp_enabled":true,"_links":{"self":[{"href":"https:\/\/encuentroinformativo.com.mx\/index.php?rest_route=\/wp\/v2\/posts\/7463","targetHints":{"allow":["GET"]}}],"collection":[{"href":"https:\/\/encuentroinformativo.com.mx\/index.php?rest_route=\/wp\/v2\/posts"}],"about":[{"href":"https:\/\/encuentroinformativo.com.mx\/index.php?rest_route=\/wp\/v2\/types\/post"}],"author":[{"embeddable":true,"href":"https:\/\/encuentroinformativo.com.mx\/index.php?rest_route=\/wp\/v2\/users\/1"}],"replies":[{"embeddable":true,"href":"https:\/\/encuentroinformativo.com.mx\/index.php?rest_route=%2Fwp%2Fv2%2Fcomments&post=7463"}],"version-history":[{"count":1,"href":"https:\/\/encuentroinformativo.com.mx\/index.php?rest_route=\/wp\/v2\/posts\/7463\/revisions"}],"predecessor-version":[{"id":7465,"href":"https:\/\/encuentroinformativo.com.mx\/index.php?rest_route=\/wp\/v2\/posts\/7463\/revisions\/7465"}],"wp:featuredmedia":[{"embeddable":true,"href":"https:\/\/encuentroinformativo.com.mx\/index.php?rest_route=\/wp\/v2\/media\/7464"}],"wp:attachment":[{"href":"https:\/\/encuentroinformativo.com.mx\/index.php?rest_route=%2Fwp%2Fv2%2Fmedia&parent=7463"}],"wp:term":[{"taxonomy":"category","embeddable":true,"href":"https:\/\/encuentroinformativo.com.mx\/index.php?rest_route=%2Fwp%2Fv2%2Fcategories&post=7463"},{"taxonomy":"post_tag","embeddable":true,"href":"https:\/\/encuentroinformativo.com.mx\/index.php?rest_route=%2Fwp%2Fv2%2Ftags&post=7463"}],"curies":[{"name":"wp","href":"https:\/\/api.w.org\/{rel}","templated":true}]}}