{"id":7469,"date":"2020-10-28T16:32:26","date_gmt":"2020-10-28T22:32:26","guid":{"rendered":"https:\/\/encuentroinformativo.com.mx\/?p=7469"},"modified":"2020-10-28T16:32:28","modified_gmt":"2020-10-28T22:32:28","slug":"celebran-a-san-judas-tadeo-en-coatepec","status":"publish","type":"post","link":"https:\/\/encuentroinformativo.com.mx\/?p=7469","title":{"rendered":"Celebran a San Judas Tadeo en Coatepec"},"content":{"rendered":"\n<p><strong>Juan Arcos <\/strong><\/p>\n\n\n\n<p>Coatepec, Ver.- Pobladores de Coatepec festejaron a San Judas Tadeo en plena pandemia de SARS-COV-2 (COVID-19) y en sem\u00e1foro regional color naranja, de riesgo alto de contagio en dicho municipio veracruzano.<\/p>\n\n\n\n<p>Se trata de vecinos del fraccionamiento Haciendo Los Cafetales, quienes dijeron respetar las medidas sanitarias emitidas por la Secretar\u00eda de Salud de Veracruz, para celebrar al santo.<\/p>\n\n\n\n<p>Mencionaron que es el primer a\u00f1o que llevan a cabo una serie de actividades en dicho lugar, debido a que recientemente fue construida una capilla en honor a San Judas Tadeo.<\/p>\n\n\n\n<p>La noche del martes, lanzaron pirotecnia, cantaron \u201cLas Ma\u00f1anitas\u201d y realizaron un peque\u00f1o convivio en dicha zona del Pueblo M\u00e1gico, ubicado a diez kil\u00f3metros de Xalapa.<\/p>\n\n\n\n<p>\u201cHoy a las seis de la tarde hay una misa y tocar\u00e1 un grupo. Se siguen las medidas sanitarias, se le invit\u00f3 a la gente el uso de gel y cubrebocas, vendr\u00e1 una persona a sanitizar, desde anoche todos con cubrebocas\u201d, expres\u00f3 Jos\u00e9 Guadalupe Mart\u00ednez, uno de los vecinos.\u00a0<\/p>\n\n\n\n<p>La gente coloc\u00f3 un arco floral en la fachada de la capilla y, al interior, la imagen del santo fue acompa\u00f1ada con diversos arreglos florales. Adem\u00e1s, instal\u00f3 carpas para la venta de comida y juegos mec\u00e1nicos que se utilizan com\u00fanmente en las ferias.<\/p>\n\n\n\n<p>Sobre una de las calles se observa hasta un brincol\u00edn para ni\u00f1as y ni\u00f1os, donde resultar\u00eda casi imposible respetar la distancia de 1.5 metros entre los menores.<\/p>\n\n\n\n<p>\u201cEs el primer a\u00f1o que se festeja, no hab\u00eda capilla y nos organizamos este a\u00f1o. Esperemos que se convierta en tradici\u00f3n y que el a\u00f1o siguiente a\u00f1o no haya contingencia y se pueda hacer m\u00e1s grande\u201d, agreg\u00f3 el vecino.<\/p>\n\n\n\n<p>Cabe recordar que, hasta el 27 de octubre, el municipio de Coatepec report\u00f3 257 casos confirmados, 52 defunciones, tres activos y 80 sospechosos.<\/p>\n\n\n\n<p>A nivel estatal, las autoridades sanitarias informaron que el n\u00famero de positivos acumulados es de 36 mil 745 en 206 de los 212 municipios de la entidad.<\/p>\n\n\n\n<p>Adem\u00e1s, hay registro de 4 mil 859 fallecimientos por coronavirus en 175 demarcaciones, mientras que 9 mil 309 casos son sospechosos y contin\u00faan en investigaci\u00f3n.<\/p>\n\n\n\n<p>El estado de Veracruz se estanc\u00f3 en el sem\u00e1foro epidemiol\u00f3gico nacional, quem\u00e1ndose en color amarillo, de riesgo medio de contagio, aplicable del 26 de octubre al 8 de noviembre.<\/p>\n","protected":false},"excerpt":{"rendered":"<p>Juan Arcos Coatepec, Ver.- Pobladores de Coatepec festejaron a San Judas Tadeo en plena pandemia de SARS-COV-2 (COVID-19) y en sem\u00e1foro regional color naranja, de riesgo alto de contagio en dicho municipio veracruzano. Se trata de vecinos del fraccionamiento Haciendo Los Cafetales, quienes dijeron respetar las medidas sanitarias emitidas por la Secretar\u00eda de Salud de [&hellip;]<\/p>\n","protected":false},"author":1,"featured_media":7470,"comment_status":"open","ping_status":"open","sticky":false,"template":"","format":"standard","meta":{"_jetpack_memberships_contains_paid_content":false,"footnotes":""},"categories":[8],"tags":[],"class_list":["post-7469","post","type-post","status-publish","format-standard","has-post-thumbnail","hentry","category-region"],"jetpack_featured_media_url":"https:\/\/encuentroinformativo.com.mx\/wp-content\/uploads\/2020\/10\/F2595AD9-D0E8-4917-ACCC-BBF751A80E9D.jpeg","jetpack_sharing_enabled":true,"jetpack_likes_enabled":true,"amp_enabled":true,"_links":{"self":[{"href":"https:\/\/encuentroinformativo.com.mx\/index.php?rest_route=\/wp\/v2\/posts\/7469","targetHints":{"allow":["GET"]}}],"collection":[{"href":"https:\/\/encuentroinformativo.com.mx\/index.php?rest_route=\/wp\/v2\/posts"}],"about":[{"href":"https:\/\/encuentroinformativo.com.mx\/index.php?rest_route=\/wp\/v2\/types\/post"}],"author":[{"embeddable":true,"href":"https:\/\/encuentroinformativo.com.mx\/index.php?rest_route=\/wp\/v2\/users\/1"}],"replies":[{"embeddable":true,"href":"https:\/\/encuentroinformativo.com.mx\/index.php?rest_route=%2Fwp%2Fv2%2Fcomments&post=7469"}],"version-history":[{"count":1,"href":"https:\/\/encuentroinformativo.com.mx\/index.php?rest_route=\/wp\/v2\/posts\/7469\/revisions"}],"predecessor-version":[{"id":7471,"href":"https:\/\/encuentroinformativo.com.mx\/index.php?rest_route=\/wp\/v2\/posts\/7469\/revisions\/7471"}],"wp:featuredmedia":[{"embeddable":true,"href":"https:\/\/encuentroinformativo.com.mx\/index.php?rest_route=\/wp\/v2\/media\/7470"}],"wp:attachment":[{"href":"https:\/\/encuentroinformativo.com.mx\/index.php?rest_route=%2Fwp%2Fv2%2Fmedia&parent=7469"}],"wp:term":[{"taxonomy":"category","embeddable":true,"href":"https:\/\/encuentroinformativo.com.mx\/index.php?rest_route=%2Fwp%2Fv2%2Fcategories&post=7469"},{"taxonomy":"post_tag","embeddable":true,"href":"https:\/\/encuentroinformativo.com.mx\/index.php?rest_route=%2Fwp%2Fv2%2Ftags&post=7469"}],"curies":[{"name":"wp","href":"https:\/\/api.w.org\/{rel}","templated":true}]}}