{"id":7482,"date":"2020-10-29T11:05:45","date_gmt":"2020-10-29T17:05:45","guid":{"rendered":"https:\/\/encuentroinformativo.com.mx\/?p=7482"},"modified":"2020-10-29T11:05:48","modified_gmt":"2020-10-29T17:05:48","slug":"personal-de-cruz-roja-acusa-retraso-en-pagos","status":"publish","type":"post","link":"https:\/\/encuentroinformativo.com.mx\/?p=7482","title":{"rendered":"Personal de Cruz Roja acusa retraso en pagos"},"content":{"rendered":"\n<p><strong>Alejandro \u00c1vila<\/strong><\/p>\n\n\n\n<p>Veracruz, Ver.- Personal que labora en la Cruz Roja delegaci\u00f3n Veracruz, acusa diversas irregularidades al interior de la Benem\u00e9rita Instituci\u00f3n; en el tema laboral, los temas administrativos se giran fuera del margen de la ley, afectando a m\u00e1s de doscientas personas.<\/p>\n\n\n\n<p>Durante la pandemia y bajo el argumento de un poco flujo de efectivo, debido a la baja de pacientes y servicios, los pagos fueron retrasados y\/o divididos, situaci\u00f3n que se repiti\u00f3 en la primer y segunda quincena de octubre, aun cuando desde hace m\u00e1s de un mes los servicios se han incrementado exponencialmente; los trabajadores aclararon que a pesar de ello siempre cumplieron con sus labores en los turnos asignados a cada uno.<\/p>\n\n\n\n<p>\u201cLa Ley Federal de Trabajo marca que no deben pasar m\u00e1s de quince d\u00edas entre pago y pago, ayer ya fue d\u00eda 16, y bueno nos pagaron, nos dieron una parte. Por lo que comentan compa\u00f1eras de diversa \u00e1reas, a muchos ni siquiera les cay\u00f3 la mitad el d\u00eda de ayer, y bueno toda eso se ve reflejando en cualquiera de nuestras actividades, porque ponen ah\u00ed, agradecemos su comprensi\u00f3n, pues s\u00ed, pero la luz, el tel\u00e9fono, pues no me comprende\u201d, apunt\u00f3 un trabajador de Cruz Roja Veracruz que solicit\u00f3 el anonimato.<\/p>\n\n\n\n<p>Durante el punto m\u00e1s \u00e1lgido de la contingencia sanitaria, solicitaron por escrito a la dirigencia administrativa, se les concediera un bono de riesgo, pero este les fue negado.<\/p>\n\n\n\n<p>\u201cAunque bien y oficialmente a Cruz Roja es un hospital no COVID, es imposible que pacientes con datos de COVID no lleguen, entonces se deben de atender de manera inicial para luego ser referidos a otras unidades. Entonces a ese personal a esos compa\u00f1eros de todas las \u00e1reas que iban a estar expuestos con eso pacientes, pues solicitamos que se les diera un bono de riesgo, como cualquier otro hospital que est\u00e1 viendo pacientes COVID y se est\u00e1 haciendo, fue negado\u201d, declar\u00f3.<\/p>\n\n\n\n<p>Las jornadas laborales que cubren son de 12 horas y durante la pandemia les fue negado el apoyo de alimentos, espec\u00edficamente en el turno de medio d\u00eda, por lo que ahora incrementaban sus gastos al comprar comida para que les lleven a la base.<\/p>\n\n\n\n<p>Cabe mencionar que las quincenas en Cruz Roja son desfasadas, ya que ellos cobran los d\u00edas 10 y 25 de cada mes, as\u00ed est\u00e1 estipulado en sus contratos verbales.<\/p>\n\n\n\n<p>\u201cLa sensaci\u00f3n general es como una falta de empat\u00eda, tal vez se podr\u00eda llamar as\u00ed, con todos en general. Ahorita se me hace un poco raro por as\u00ed decirlo, porque realmente durante el \u00faltimo mes hemos tenido bastante trabajo, s\u00ed hab\u00eda bajado mucho, pero ahora durante el \u00faltimo mes ha sido bastante la afluencia de pacientes a la base\u201d, se\u00f1al\u00f3.<\/p>\n","protected":false},"excerpt":{"rendered":"<p>Alejandro \u00c1vila Veracruz, Ver.- Personal que labora en la Cruz Roja delegaci\u00f3n Veracruz, acusa diversas irregularidades al interior de la Benem\u00e9rita Instituci\u00f3n; en el tema laboral, los temas administrativos se giran fuera del margen de la ley, afectando a m\u00e1s de doscientas personas. Durante la pandemia y bajo el argumento de un poco flujo de [&hellip;]<\/p>\n","protected":false},"author":1,"featured_media":7483,"comment_status":"open","ping_status":"open","sticky":false,"template":"","format":"standard","meta":{"_jetpack_memberships_contains_paid_content":false,"footnotes":""},"categories":[2],"tags":[],"class_list":["post-7482","post","type-post","status-publish","format-standard","has-post-thumbnail","hentry","category-estado"],"jetpack_featured_media_url":"https:\/\/encuentroinformativo.com.mx\/wp-content\/uploads\/2020\/10\/6B91677D-3E71-48AE-BD92-B34618E596AA.jpeg","jetpack_sharing_enabled":true,"jetpack_likes_enabled":true,"amp_enabled":true,"_links":{"self":[{"href":"https:\/\/encuentroinformativo.com.mx\/index.php?rest_route=\/wp\/v2\/posts\/7482","targetHints":{"allow":["GET"]}}],"collection":[{"href":"https:\/\/encuentroinformativo.com.mx\/index.php?rest_route=\/wp\/v2\/posts"}],"about":[{"href":"https:\/\/encuentroinformativo.com.mx\/index.php?rest_route=\/wp\/v2\/types\/post"}],"author":[{"embeddable":true,"href":"https:\/\/encuentroinformativo.com.mx\/index.php?rest_route=\/wp\/v2\/users\/1"}],"replies":[{"embeddable":true,"href":"https:\/\/encuentroinformativo.com.mx\/index.php?rest_route=%2Fwp%2Fv2%2Fcomments&post=7482"}],"version-history":[{"count":1,"href":"https:\/\/encuentroinformativo.com.mx\/index.php?rest_route=\/wp\/v2\/posts\/7482\/revisions"}],"predecessor-version":[{"id":7484,"href":"https:\/\/encuentroinformativo.com.mx\/index.php?rest_route=\/wp\/v2\/posts\/7482\/revisions\/7484"}],"wp:featuredmedia":[{"embeddable":true,"href":"https:\/\/encuentroinformativo.com.mx\/index.php?rest_route=\/wp\/v2\/media\/7483"}],"wp:attachment":[{"href":"https:\/\/encuentroinformativo.com.mx\/index.php?rest_route=%2Fwp%2Fv2%2Fmedia&parent=7482"}],"wp:term":[{"taxonomy":"category","embeddable":true,"href":"https:\/\/encuentroinformativo.com.mx\/index.php?rest_route=%2Fwp%2Fv2%2Fcategories&post=7482"},{"taxonomy":"post_tag","embeddable":true,"href":"https:\/\/encuentroinformativo.com.mx\/index.php?rest_route=%2Fwp%2Fv2%2Ftags&post=7482"}],"curies":[{"name":"wp","href":"https:\/\/api.w.org\/{rel}","templated":true}]}}