{"id":7485,"date":"2020-10-29T11:46:14","date_gmt":"2020-10-29T17:46:14","guid":{"rendered":"https:\/\/encuentroinformativo.com.mx\/?p=7485"},"modified":"2020-10-29T11:46:16","modified_gmt":"2020-10-29T17:46:16","slug":"llegar-a-san-jose","status":"publish","type":"post","link":"https:\/\/encuentroinformativo.com.mx\/?p=7485","title":{"rendered":"Llegar a San Jos\u00e9"},"content":{"rendered":"\n<p><strong>Los Pol\u00edticos<\/strong><\/p>\n\n\n\n<p><strong>Salvador Mu\u00f1oz<\/strong><\/p>\n\n\n\n<p>Lo ocurrido en el cuartel de San Jos\u00e9 es una constante en la mayor\u00eda de los gobiernos, de las autoridades y sobre todo, de las encargadas de la Seguridad: o\u00eddos sordos a un reclamo. La manifestaci\u00f3n con un clamor de justicia acab\u00f3 con un ba\u00f1o de gas lacrim\u00f3geno, o como lo llaman los polic\u00edas: \u201cagente de control antidisturbios\u201d.<\/p>\n\n\n\n<p>Si se hace memoria, es seguro que por all\u00ed recordemos varias manifestaciones en demanda de soluciones, de justicia, de pagos, de lo que usted quiera\u2026 s\u00ed, tambi\u00e9n de muchos vivos reclamando por sus familiares muertos, como el caso de San Jos\u00e9 de hace unos d\u00edas\u2026 se insiste: los o\u00eddos sordos al reclamo son constantes en los gobiernos, en las autoridades, en los cuerpos de Seguridad P\u00fablica\u2026 lo que no debe ser constante es que cada vez que haya un detenido, y se traslade a San Jos\u00e9 (como se le llama al antiguo cuartel), \u00a1se les \u201cmuera\u201d!<\/p>\n\n\n\n<p>Nos referimos al caso de Carlos, all\u00e1 por mayo de este a\u00f1o, quien en los separos de San Jos\u00e9, s\u00ed, falleci\u00f3, de acuerdo a lo informado por Seguridad P\u00fablica, por infarto; la versi\u00f3n de sus familiares, por los golpes recibidos, lo que ahora, con Gustavo, el caso m\u00e1s reciente, junto con el de Carlos, viene a echar por la borda las l\u00edneas de Wislawa Szymborska, nobel de literatura quien nos cuenta que \u201cNada sucede dos veces\/ ni va a suceder, por eso\/ sin experiencia nacemos,\/ sin rutina moriremos\u201d.<\/p>\n\n\n\n<p>Un asunto igual de alarmante, es \u201cjustificar\u201d la muerte de una persona a trav\u00e9s de las redes donde se exhibe a Gustavo con armas y dinero. Es una pena que Seguridad P\u00fablica se preste a eso\u2026<\/p>\n\n\n\n<p>Igual de lamentable es que el gobierno de Morena, salido de las manifestaciones, de los bloqueos, de las demandas y los jaloneos, sea incapaz de escuchar e incurra en lo que tanto critic\u00f3 de los otros gobiernos, de las otras autoridades, de aqu\u00e9llas que eran encargadas de la Seguridad\u2026 para acabar siendo lo mismo\u2026 \u00a1o peor!<\/p>\n\n\n\n<p>\u00bfEra necesario el uso de gas lacrim\u00f3geno? Es claro que para alg\u00fan jefe en el cuartel de San Jos\u00e9, s\u00ed y se procedi\u00f3 a usarlo&nbsp; ante la circunstancia que estaban enfrentando\u2026 \u00a1vamos! Hasta cierto punto, eso es lo menos criticable para Seguridad P\u00fablica\u2026 se reitera: son dos puntos los que deben empezar a preocuparnos a los ciudadanos, a los veracruzanos: tenemos autoridades sordas, incapaces de entablar un di\u00e1logo, de atender a familiares que se\u00f1alan y que demandan justicia. Es m\u00e1s f\u00e1cil encerrarse que pedir un grupo de personas, invitarlas a dialogar y llegar a un acuerdo\u2026 es m\u00e1s f\u00e1cil atrincherarse y dejar que los \u00e1nimos sigan calent\u00e1ndose, para despu\u00e9s, arrojar lacrim\u00f3geno\u2026 porque son incapaces de escuchar.<\/p>\n\n\n\n<p>As\u00ed, Hugo Guti\u00e9rrez Maldonado, titular de Seguridad P\u00fablica en Veracruz, no s\u00f3lo es capaz de deshacer cualquier forma de di\u00e1logo, de destruir cualquier credibilidad o confianza que pudo ganar a favor de sus elementos, o de engendrar miedo en lugar de seguridad\u2026 el funcionario de Gobierno tambi\u00e9n es capaz de darle otro matiz hasta a los versos de Wislawa Szymborska: \u201cNada sucede dos veces\/ ni va a suceder, y si vas a morir, basta con llegar a San Jos\u00e9\u201d.<\/p>\n\n\n\n<p><a href=\"mailto:smcainito@gmail.com\" target=\"_blank\" rel=\"noreferrer noopener\">smcainito@gmail.com<\/a><\/p>\n","protected":false},"excerpt":{"rendered":"<p>Los Pol\u00edticos Salvador Mu\u00f1oz Lo ocurrido en el cuartel de San Jos\u00e9 es una constante en la mayor\u00eda de los gobiernos, de las autoridades y sobre todo, de las encargadas de la Seguridad: o\u00eddos sordos a un reclamo. La manifestaci\u00f3n con un clamor de justicia acab\u00f3 con un ba\u00f1o de gas lacrim\u00f3geno, o como lo [&hellip;]<\/p>\n","protected":false},"author":1,"featured_media":387,"comment_status":"open","ping_status":"open","sticky":false,"template":"","format":"standard","meta":{"_jetpack_memberships_contains_paid_content":false,"footnotes":""},"categories":[11],"tags":[],"class_list":["post-7485","post","type-post","status-publish","format-standard","has-post-thumbnail","hentry","category-opinion"],"jetpack_featured_media_url":"https:\/\/encuentroinformativo.com.mx\/wp-content\/uploads\/2020\/03\/7CF8A22B-2764-47BE-8F7F-38FE9E5D6A2F.jpeg","jetpack_sharing_enabled":true,"jetpack_likes_enabled":true,"amp_enabled":true,"_links":{"self":[{"href":"https:\/\/encuentroinformativo.com.mx\/index.php?rest_route=\/wp\/v2\/posts\/7485","targetHints":{"allow":["GET"]}}],"collection":[{"href":"https:\/\/encuentroinformativo.com.mx\/index.php?rest_route=\/wp\/v2\/posts"}],"about":[{"href":"https:\/\/encuentroinformativo.com.mx\/index.php?rest_route=\/wp\/v2\/types\/post"}],"author":[{"embeddable":true,"href":"https:\/\/encuentroinformativo.com.mx\/index.php?rest_route=\/wp\/v2\/users\/1"}],"replies":[{"embeddable":true,"href":"https:\/\/encuentroinformativo.com.mx\/index.php?rest_route=%2Fwp%2Fv2%2Fcomments&post=7485"}],"version-history":[{"count":1,"href":"https:\/\/encuentroinformativo.com.mx\/index.php?rest_route=\/wp\/v2\/posts\/7485\/revisions"}],"predecessor-version":[{"id":7486,"href":"https:\/\/encuentroinformativo.com.mx\/index.php?rest_route=\/wp\/v2\/posts\/7485\/revisions\/7486"}],"wp:featuredmedia":[{"embeddable":true,"href":"https:\/\/encuentroinformativo.com.mx\/index.php?rest_route=\/wp\/v2\/media\/387"}],"wp:attachment":[{"href":"https:\/\/encuentroinformativo.com.mx\/index.php?rest_route=%2Fwp%2Fv2%2Fmedia&parent=7485"}],"wp:term":[{"taxonomy":"category","embeddable":true,"href":"https:\/\/encuentroinformativo.com.mx\/index.php?rest_route=%2Fwp%2Fv2%2Fcategories&post=7485"},{"taxonomy":"post_tag","embeddable":true,"href":"https:\/\/encuentroinformativo.com.mx\/index.php?rest_route=%2Fwp%2Fv2%2Ftags&post=7485"}],"curies":[{"name":"wp","href":"https:\/\/api.w.org\/{rel}","templated":true}]}}