{"id":7494,"date":"2020-10-29T12:48:09","date_gmt":"2020-10-29T18:48:09","guid":{"rendered":"https:\/\/encuentroinformativo.com.mx\/?p=7494"},"modified":"2020-10-29T12:48:11","modified_gmt":"2020-10-29T18:48:11","slug":"por-consulta-de-expresidentes-solicitara-ine-ampliacion-presupuestal","status":"publish","type":"post","link":"https:\/\/encuentroinformativo.com.mx\/?p=7494","title":{"rendered":"Por consulta de expresidentes, solicitar\u00e1 INE ampliaci\u00f3n presupuestal"},"content":{"rendered":"\n<p><strong>Dar\u00edo Pale <\/strong><\/p>\n\n\n\n<p>Xalapa, Ver.- El consejero electoral del Instituto Nacional Electoral (INE), Jos\u00e9 Roberto Ruiz Salda\u00f1a dio a conocer que para la consulta popular de los expresidentes que se realizar\u00e1 el pr\u00f3ximo uno de agosto, el instituto va a solicitar una ampliaci\u00f3n presupuestal el pr\u00f3ximo a\u00f1o por mil 500 millones de pesos.<\/p>\n\n\n\n<p>En entrevista telef\u00f3nica dio a conocer que ayer aprobaron un proyecto de acuerdo para solicitar a la c\u00e1mara de diputados una ampliaci\u00f3n presupuestal para el 2021, ya que el monto que estiman para realizar la consulta popular sobre los ex presidentes es de mil 500 millones de pesos la cual se realizar\u00e1 el d\u00eda uno de agosto del 2021.<\/p>\n\n\n\n<p>&#8220;Ya tenemos algunos consideraciones de c\u00f3mo ser\u00eda, evidentemente al ser la primera consulta popular que se realizar\u00eda en el pa\u00eds y al no haber una ley detallada de c\u00f3mo debe de realizarse lo que ahorita tenemos son grandes definiciones de su realizaci\u00f3n y posteriormente iremos tomando acuerdos y emitiendo lineamientos para concretar detalles, nosotros estamos proyectando para la consulta popular instalar 104 mil casillas y tener en cada una de ellas a tres personas para que reciban la participaci\u00f3n de las y los mexicanos, un presidente o presidenta, un secretario o secretaria y un escrutador o escrutadora as\u00ed como dos suplente generales&#8221;, se\u00f1al\u00f3.<\/p>\n\n\n\n<p>Dio a conocer que ellos tambi\u00e9n est\u00e1n previendo utilizar el mismo cuadernillo de la lista nominal que se utilizar\u00e1 en la elecci\u00f3n del seis de junio del 2021, y solo los j\u00f3venes que cumplan 18 a\u00f1os entre el d\u00eda de la elecci\u00f3n y el d\u00eda de la consulta popular se le agregar\u00eda un nuevo cuadernillo para que puedan participar en la consulta popular.<br>Tambi\u00e9n est\u00e1n previendo mantener instalados los consejos locales y los distritales en todo el pa\u00eds para que puedan ser las autoridades en los estados que coordinen y organicen la consulta popular ya que desde M\u00e9xico no se podr\u00eda hacer las tareas que se requieren.<\/p>\n\n\n\n<p>Los consejos locales de cara a las pr\u00f3ximas elecciones se instalar\u00e1n el pr\u00f3ximo tres de noviembre y en el caso de los consejos distritales se van a instalar el pr\u00f3ximo uno de diciembre, esos \u00f3rganos concluyen su instalaci\u00f3n en agosto o Julio dependiendo en que a\u00f1o caiga la elecci\u00f3n solo que ahora la diferencia es que van a permanecer instalados para otra funci\u00f3n que ser\u00e1 la de la consulta popular.<\/p>\n\n\n\n<p>Record\u00f3 que las personas que integran las casillas solo est\u00e1n un d\u00eda que es el de la jornada electoral y en el caso de al consulta popular est\u00e1n previendo que las mismas personas que hayan integrado las mesas directivas de Casillas se han las mismas quienes les apoyen en los centros donde se recabar\u00e1 la participaci\u00f3n de la consulta, y tienen contemplado que estas personas puedan recibir 500 pesos para la jornada electoral y otros 500 para el d\u00eda de la consulta popular.<\/p>\n","protected":false},"excerpt":{"rendered":"<p>Dar\u00edo Pale Xalapa, Ver.- El consejero electoral del Instituto Nacional Electoral (INE), Jos\u00e9 Roberto Ruiz Salda\u00f1a dio a conocer que para la consulta popular de los expresidentes que se realizar\u00e1 el pr\u00f3ximo uno de agosto, el instituto va a solicitar una ampliaci\u00f3n presupuestal el pr\u00f3ximo a\u00f1o por mil 500 millones de pesos. En entrevista telef\u00f3nica [&hellip;]<\/p>\n","protected":false},"author":1,"featured_media":7495,"comment_status":"open","ping_status":"open","sticky":false,"template":"","format":"standard","meta":{"_jetpack_memberships_contains_paid_content":false,"footnotes":""},"categories":[12],"tags":[],"class_list":["post-7494","post","type-post","status-publish","format-standard","has-post-thumbnail","hentry","category-nacional"],"jetpack_featured_media_url":"https:\/\/encuentroinformativo.com.mx\/wp-content\/uploads\/2020\/10\/A54866B2-CA6F-4AD3-8DB0-FBA6FB372565.jpeg","jetpack_sharing_enabled":true,"jetpack_likes_enabled":true,"amp_enabled":true,"_links":{"self":[{"href":"https:\/\/encuentroinformativo.com.mx\/index.php?rest_route=\/wp\/v2\/posts\/7494","targetHints":{"allow":["GET"]}}],"collection":[{"href":"https:\/\/encuentroinformativo.com.mx\/index.php?rest_route=\/wp\/v2\/posts"}],"about":[{"href":"https:\/\/encuentroinformativo.com.mx\/index.php?rest_route=\/wp\/v2\/types\/post"}],"author":[{"embeddable":true,"href":"https:\/\/encuentroinformativo.com.mx\/index.php?rest_route=\/wp\/v2\/users\/1"}],"replies":[{"embeddable":true,"href":"https:\/\/encuentroinformativo.com.mx\/index.php?rest_route=%2Fwp%2Fv2%2Fcomments&post=7494"}],"version-history":[{"count":1,"href":"https:\/\/encuentroinformativo.com.mx\/index.php?rest_route=\/wp\/v2\/posts\/7494\/revisions"}],"predecessor-version":[{"id":7496,"href":"https:\/\/encuentroinformativo.com.mx\/index.php?rest_route=\/wp\/v2\/posts\/7494\/revisions\/7496"}],"wp:featuredmedia":[{"embeddable":true,"href":"https:\/\/encuentroinformativo.com.mx\/index.php?rest_route=\/wp\/v2\/media\/7495"}],"wp:attachment":[{"href":"https:\/\/encuentroinformativo.com.mx\/index.php?rest_route=%2Fwp%2Fv2%2Fmedia&parent=7494"}],"wp:term":[{"taxonomy":"category","embeddable":true,"href":"https:\/\/encuentroinformativo.com.mx\/index.php?rest_route=%2Fwp%2Fv2%2Fcategories&post=7494"},{"taxonomy":"post_tag","embeddable":true,"href":"https:\/\/encuentroinformativo.com.mx\/index.php?rest_route=%2Fwp%2Fv2%2Ftags&post=7494"}],"curies":[{"name":"wp","href":"https:\/\/api.w.org\/{rel}","templated":true}]}}