{"id":7497,"date":"2020-10-29T13:25:04","date_gmt":"2020-10-29T19:25:04","guid":{"rendered":"https:\/\/encuentroinformativo.com.mx\/?p=7497"},"modified":"2020-10-29T13:25:07","modified_gmt":"2020-10-29T19:25:07","slug":"solicitan-ayuda-para-tratamiento-medico-del-pequeno-gabriel","status":"publish","type":"post","link":"https:\/\/encuentroinformativo.com.mx\/?p=7497","title":{"rendered":"Solicitan ayuda para tratamiento m\u00e9dico del peque\u00f1o Gabriel"},"content":{"rendered":"\n<p><strong>Alejandro \u00c1vila<\/strong><\/p>\n\n\n\n<p>Veracruz, Ver.- De tan solo un a\u00f1o y siete meses, Gabriel Michell Ram\u00edrez Palafox, es un peque\u00f1o que presenta sordera profunda bilateral en ambos o\u00eddos, ante lo cual se necesita colocarle implantes cocleares para escuchar.<\/p>\n\n\n\n<p>Su madre, Gabriela Ram\u00edrez Palafox solicit\u00f3 en rueda de prensa el apoyo de la ciudadan\u00eda para completar los recursos que se necesitan, pues los m\u00e9dicos le dijeron que hay una lista larga de pacientes antes que \u00e9l, y la \u00fanica forma de apresurar su operaci\u00f3n, es conseguir los implantes de forma externa.<\/p>\n\n\n\n<p>Dichos implantes tienen un costo en el mercado de 38 mil 500 d\u00f3lares, aproximadamente, medio mill\u00f3n de pesos, y este debe ser colocado antes de los tres a\u00f1os de edad.<\/p>\n\n\n\n<p>&#8220;El tam\u00edz auditivo nunca pas\u00f3, entonces me preocupe un poco y empec\u00e9 a buscar m\u00e1s medicos para que me dijeran el diagn\u00f3stico seguro de mi beb\u00e9. Cuando \u00e9l cumpli\u00f3 siete meses le hicimos varios estudios en la cual me dec\u00edan que el diagnostico era hipoacusia bilateral de ambos oidos, que la frecuencia del auditivo, pues no era la normal&#8221;, explic\u00f3 la madre del menor.<\/p>\n\n\n\n<p>Las personas que deseen apoyar al peque\u00f1o Gabriel Michel pueden hacerlo a trav\u00e9s de la cuenta 4152313600357698 en BBVA.<br><\/p>\n\n\n\n<figure class=\"wp-block-image size-large\"><img loading=\"lazy\" decoding=\"async\" width=\"1024\" height=\"575\" src=\"https:\/\/encuentroinformativo.com.mx\/wp-content\/uploads\/2020\/10\/C8835905-CAB3-4FD0-9693-B82B38A01233-1024x575.jpeg\" alt=\"\" class=\"wp-image-7499\" srcset=\"https:\/\/encuentroinformativo.com.mx\/wp-content\/uploads\/2020\/10\/C8835905-CAB3-4FD0-9693-B82B38A01233-1024x575.jpeg 1024w, https:\/\/encuentroinformativo.com.mx\/wp-content\/uploads\/2020\/10\/C8835905-CAB3-4FD0-9693-B82B38A01233-300x168.jpeg 300w, https:\/\/encuentroinformativo.com.mx\/wp-content\/uploads\/2020\/10\/C8835905-CAB3-4FD0-9693-B82B38A01233-768x431.jpeg 768w, https:\/\/encuentroinformativo.com.mx\/wp-content\/uploads\/2020\/10\/C8835905-CAB3-4FD0-9693-B82B38A01233.jpeg 1040w\" sizes=\"auto, (max-width: 1024px) 100vw, 1024px\" \/><\/figure>\n","protected":false},"excerpt":{"rendered":"<p>Alejandro \u00c1vila Veracruz, Ver.- De tan solo un a\u00f1o y siete meses, Gabriel Michell Ram\u00edrez Palafox, es un peque\u00f1o que presenta sordera profunda bilateral en ambos o\u00eddos, ante lo cual se necesita colocarle implantes cocleares para escuchar. Su madre, Gabriela Ram\u00edrez Palafox solicit\u00f3 en rueda de prensa el apoyo de la ciudadan\u00eda para completar los [&hellip;]<\/p>\n","protected":false},"author":1,"featured_media":7498,"comment_status":"open","ping_status":"open","sticky":false,"template":"","format":"standard","meta":{"_jetpack_memberships_contains_paid_content":false,"footnotes":""},"categories":[9],"tags":[],"class_list":["post-7497","post","type-post","status-publish","format-standard","has-post-thumbnail","hentry","category-salud"],"jetpack_featured_media_url":"https:\/\/encuentroinformativo.com.mx\/wp-content\/uploads\/2020\/10\/0014ACBF-E58A-45A9-B0A0-02A1361A8358.jpeg","jetpack_sharing_enabled":true,"jetpack_likes_enabled":true,"amp_enabled":true,"_links":{"self":[{"href":"https:\/\/encuentroinformativo.com.mx\/index.php?rest_route=\/wp\/v2\/posts\/7497","targetHints":{"allow":["GET"]}}],"collection":[{"href":"https:\/\/encuentroinformativo.com.mx\/index.php?rest_route=\/wp\/v2\/posts"}],"about":[{"href":"https:\/\/encuentroinformativo.com.mx\/index.php?rest_route=\/wp\/v2\/types\/post"}],"author":[{"embeddable":true,"href":"https:\/\/encuentroinformativo.com.mx\/index.php?rest_route=\/wp\/v2\/users\/1"}],"replies":[{"embeddable":true,"href":"https:\/\/encuentroinformativo.com.mx\/index.php?rest_route=%2Fwp%2Fv2%2Fcomments&post=7497"}],"version-history":[{"count":1,"href":"https:\/\/encuentroinformativo.com.mx\/index.php?rest_route=\/wp\/v2\/posts\/7497\/revisions"}],"predecessor-version":[{"id":7500,"href":"https:\/\/encuentroinformativo.com.mx\/index.php?rest_route=\/wp\/v2\/posts\/7497\/revisions\/7500"}],"wp:featuredmedia":[{"embeddable":true,"href":"https:\/\/encuentroinformativo.com.mx\/index.php?rest_route=\/wp\/v2\/media\/7498"}],"wp:attachment":[{"href":"https:\/\/encuentroinformativo.com.mx\/index.php?rest_route=%2Fwp%2Fv2%2Fmedia&parent=7497"}],"wp:term":[{"taxonomy":"category","embeddable":true,"href":"https:\/\/encuentroinformativo.com.mx\/index.php?rest_route=%2Fwp%2Fv2%2Fcategories&post=7497"},{"taxonomy":"post_tag","embeddable":true,"href":"https:\/\/encuentroinformativo.com.mx\/index.php?rest_route=%2Fwp%2Fv2%2Ftags&post=7497"}],"curies":[{"name":"wp","href":"https:\/\/api.w.org\/{rel}","templated":true}]}}