{"id":7501,"date":"2020-10-29T13:40:03","date_gmt":"2020-10-29T19:40:03","guid":{"rendered":"https:\/\/encuentroinformativo.com.mx\/?p=7501"},"modified":"2020-10-29T13:41:05","modified_gmt":"2020-10-29T19:41:05","slug":"acusan-productores-trafico-de-influencias-en-sader","status":"publish","type":"post","link":"https:\/\/encuentroinformativo.com.mx\/?p=7501","title":{"rendered":"Acusan productores tr\u00e1fico de influencias en SADER"},"content":{"rendered":"\n<p><strong>Juan Arcos <\/strong><\/p>\n\n\n\n<p>Xalapa, Ver.- El gobierno federal ha permitido la utilizaci\u00f3n de glifosato en la producci\u00f3n del campo mexicano, un pesticida que es cancer\u00edgeno.<\/p>\n\n\n\n<p>As\u00ed lo denunci\u00f3 Cirio Ruiz Gonz\u00e1lez, presidente del Consejo Regional del Caf\u00e9 de Coatepec, quien a\u00f1adi\u00f3 que el titular de la Secretar\u00eda de Agricultura y Desarrollo Rural (Sader), V\u00edctor Villalobos, emiti\u00f3 un nuevo decreto para que se posponga la prohibici\u00f3n de dicha sustancia en el pa\u00eds.<\/p>\n\n\n\n<p>En ese sentido, record\u00f3 que el presidente de la Rep\u00fablica, Andr\u00e9s Manuel L\u00f3pez Obrador, hab\u00eda prometido prohibir el uso de glifosato por el riesgo que representa para la salud de los mexicanos.<\/p>\n\n\n\n<p>\u201cHay tr\u00e1fico de influencias al interior de Sader, que pensamos que debe cesar y cesar tambi\u00e9n a V\u00edctor Villalobos, esto no es un acuerdo general, pero yo siento que si un trabajador de una secretar\u00eda no responde a los intereses del pa\u00eds, a la salud p\u00fablica, que es muy grave lo que se est\u00e1 viviendo, debe de revisarse y debe de removerse\u201d.<\/p>\n\n\n\n<p>El entrevistado mencion\u00f3 que es necesario revisar la pol\u00edtica agropecuaria en general, para garantizar que todos los productos del campo sean saludables.<\/p>\n\n\n\n<p>\u201cLa gente tiene que informarse cada vez m\u00e1s sobre esto, porque estamos consumiendo cada vez m\u00e1s pesticidas, el glifosato est\u00e1 comprobado que es cancer\u00edgeno\u201d.<\/p>\n\n\n\n<p>Record\u00f3 que pa\u00edses de Europa no permiten que el caf\u00e9 contenga residuos de glifosato y a nivel internacional hay una tendencia para no utilizar esos productos.<\/p>\n\n\n\n<p>Incluso, la Secretar\u00eda de Medio Ambiente y Recursos Naturales ha realizado estudios y, por ello, se analizaba utilizar dicha sustancia durante los pr\u00f3ximos cuatro a\u00f1os y, despu\u00e9s, prohibirla.<\/p>\n\n\n\n<p>\u201cPero el secretario Villalobos mete una propuesta de decreto donde se maneja que van a hacer m\u00e1s estudios. Pero el Presidente lo prometi\u00f3 y tiene que cumplir\u201d, remat\u00f3.<\/p>\n","protected":false},"excerpt":{"rendered":"<p>Juan Arcos Xalapa, Ver.- El gobierno federal ha permitido la utilizaci\u00f3n de glifosato en la producci\u00f3n del campo mexicano, un pesticida que es cancer\u00edgeno. As\u00ed lo denunci\u00f3 Cirio Ruiz Gonz\u00e1lez, presidente del Consejo Regional del Caf\u00e9 de Coatepec, quien a\u00f1adi\u00f3 que el titular de la Secretar\u00eda de Agricultura y Desarrollo Rural (Sader), V\u00edctor Villalobos, emiti\u00f3 [&hellip;]<\/p>\n","protected":false},"author":1,"featured_media":7504,"comment_status":"open","ping_status":"open","sticky":false,"template":"","format":"standard","meta":{"_jetpack_memberships_contains_paid_content":false,"footnotes":""},"categories":[3],"tags":[],"class_list":["post-7501","post","type-post","status-publish","format-standard","has-post-thumbnail","hentry","category-xalapa"],"jetpack_featured_media_url":"https:\/\/encuentroinformativo.com.mx\/wp-content\/uploads\/2020\/10\/FA2F2471-A1A1-42C1-A751-71221088247D.jpeg","jetpack_sharing_enabled":true,"jetpack_likes_enabled":true,"amp_enabled":true,"_links":{"self":[{"href":"https:\/\/encuentroinformativo.com.mx\/index.php?rest_route=\/wp\/v2\/posts\/7501","targetHints":{"allow":["GET"]}}],"collection":[{"href":"https:\/\/encuentroinformativo.com.mx\/index.php?rest_route=\/wp\/v2\/posts"}],"about":[{"href":"https:\/\/encuentroinformativo.com.mx\/index.php?rest_route=\/wp\/v2\/types\/post"}],"author":[{"embeddable":true,"href":"https:\/\/encuentroinformativo.com.mx\/index.php?rest_route=\/wp\/v2\/users\/1"}],"replies":[{"embeddable":true,"href":"https:\/\/encuentroinformativo.com.mx\/index.php?rest_route=%2Fwp%2Fv2%2Fcomments&post=7501"}],"version-history":[{"count":1,"href":"https:\/\/encuentroinformativo.com.mx\/index.php?rest_route=\/wp\/v2\/posts\/7501\/revisions"}],"predecessor-version":[{"id":7503,"href":"https:\/\/encuentroinformativo.com.mx\/index.php?rest_route=\/wp\/v2\/posts\/7501\/revisions\/7503"}],"wp:featuredmedia":[{"embeddable":true,"href":"https:\/\/encuentroinformativo.com.mx\/index.php?rest_route=\/wp\/v2\/media\/7504"}],"wp:attachment":[{"href":"https:\/\/encuentroinformativo.com.mx\/index.php?rest_route=%2Fwp%2Fv2%2Fmedia&parent=7501"}],"wp:term":[{"taxonomy":"category","embeddable":true,"href":"https:\/\/encuentroinformativo.com.mx\/index.php?rest_route=%2Fwp%2Fv2%2Fcategories&post=7501"},{"taxonomy":"post_tag","embeddable":true,"href":"https:\/\/encuentroinformativo.com.mx\/index.php?rest_route=%2Fwp%2Fv2%2Ftags&post=7501"}],"curies":[{"name":"wp","href":"https:\/\/api.w.org\/{rel}","templated":true}]}}