{"id":7511,"date":"2020-10-29T15:30:33","date_gmt":"2020-10-29T21:30:33","guid":{"rendered":"https:\/\/encuentroinformativo.com.mx\/?p=7511"},"modified":"2020-10-29T15:30:36","modified_gmt":"2020-10-29T21:30:36","slug":"por-mal-tiempo-reprograman-desfile-de-catrinas","status":"publish","type":"post","link":"https:\/\/encuentroinformativo.com.mx\/?p=7511","title":{"rendered":"Por mal tiempo, reprograman desfile de Catrinas"},"content":{"rendered":"\n<p><strong>Alejandro \u00c1vila<\/strong><\/p>\n\n\n\n<p>Veracruz, Ver.- El director de Turismo del Ayuntamiento de Veracruz, Jos\u00e9 Salvatori Arjona, anunci\u00f3 que se reprogramaron las actividades con motivo del \u201cD\u00eda de Muertos\u201d que se ten\u00edan previstas realizar este jueves 29 de octubre.<\/p>\n\n\n\n<p>Por el ingreso del Frente Frio y ante un seguro mal tiempo, la direcci\u00f3n a su cargo bajo la recomendaci\u00f3n de Protecci\u00f3n Civil, se decidi\u00f3 hacer los siguientes cambios.<\/p>\n\n\n\n<p>El desfile y concurso de Catrinas que se llevar\u00eda a cabo en la avenida Independencia, se realizar\u00e1 el lunes 2 de noviembre a las 18 horas; mientras que el concurso y exposici\u00f3n de Esculturas de Flores, se llevara a cabo el s\u00e1bado 31 de octubre a las 13:30 el z\u00f3calo de la ciudad.<\/p>\n\n\n\n<p>\u201cCambia debido a lo que es el \u2018norte\u2019 y que Protecci\u00f3n Civil nos comenta que posiblemente haya lluvia, entonces se opt\u00f3 por mandarlo al d\u00eda lunes, para que pueda lucir todo este espect\u00e1culo y que valga la pena lo que invirtieron las maquillistas en sus modelos para lo que es la caracterizaci\u00f3n de las Catrinas\u201d, declar\u00f3.<\/p>\n\n\n\n<p>Se trata de 15 modelos que caracterizadas de Catrinas, desfilar\u00e1n por la avenida Independencia a la altura de la Catedral de Veracruz, para trasladarse al z\u00f3calo de la ciudad, donde se realizar\u00e1 el concurso y se premiar\u00e1 al maquillistas que realice la mejor caracterizaci\u00f3n.<\/p>\n\n\n\n<p>Cabe recordar que este concurso que desde hace siete a\u00f1os ha logrado reunir a los mejores talentos del maquillaje en la ciudad, tambi\u00e9n ha obtenido un gran n\u00famero de seguidores. Las ediciones anteriores este evento se realizaba en el Paseo Mart\u00ed, aunque a partir de este 2020 se pretende comience a realizarse ahora en el z\u00f3calo de la ciudad, debido al gran apoyo de la gente.<\/p>\n","protected":false},"excerpt":{"rendered":"<p>Alejandro \u00c1vila Veracruz, Ver.- El director de Turismo del Ayuntamiento de Veracruz, Jos\u00e9 Salvatori Arjona, anunci\u00f3 que se reprogramaron las actividades con motivo del \u201cD\u00eda de Muertos\u201d que se ten\u00edan previstas realizar este jueves 29 de octubre. Por el ingreso del Frente Frio y ante un seguro mal tiempo, la direcci\u00f3n a su cargo bajo [&hellip;]<\/p>\n","protected":false},"author":1,"featured_media":7512,"comment_status":"open","ping_status":"open","sticky":false,"template":"","format":"standard","meta":{"_jetpack_memberships_contains_paid_content":false,"footnotes":""},"categories":[2],"tags":[],"class_list":["post-7511","post","type-post","status-publish","format-standard","has-post-thumbnail","hentry","category-estado"],"jetpack_featured_media_url":"https:\/\/encuentroinformativo.com.mx\/wp-content\/uploads\/2020\/10\/76EEF5F6-7F9B-4403-B7D2-3B0826FA163B.jpeg","jetpack_sharing_enabled":true,"jetpack_likes_enabled":true,"amp_enabled":true,"_links":{"self":[{"href":"https:\/\/encuentroinformativo.com.mx\/index.php?rest_route=\/wp\/v2\/posts\/7511","targetHints":{"allow":["GET"]}}],"collection":[{"href":"https:\/\/encuentroinformativo.com.mx\/index.php?rest_route=\/wp\/v2\/posts"}],"about":[{"href":"https:\/\/encuentroinformativo.com.mx\/index.php?rest_route=\/wp\/v2\/types\/post"}],"author":[{"embeddable":true,"href":"https:\/\/encuentroinformativo.com.mx\/index.php?rest_route=\/wp\/v2\/users\/1"}],"replies":[{"embeddable":true,"href":"https:\/\/encuentroinformativo.com.mx\/index.php?rest_route=%2Fwp%2Fv2%2Fcomments&post=7511"}],"version-history":[{"count":1,"href":"https:\/\/encuentroinformativo.com.mx\/index.php?rest_route=\/wp\/v2\/posts\/7511\/revisions"}],"predecessor-version":[{"id":7513,"href":"https:\/\/encuentroinformativo.com.mx\/index.php?rest_route=\/wp\/v2\/posts\/7511\/revisions\/7513"}],"wp:featuredmedia":[{"embeddable":true,"href":"https:\/\/encuentroinformativo.com.mx\/index.php?rest_route=\/wp\/v2\/media\/7512"}],"wp:attachment":[{"href":"https:\/\/encuentroinformativo.com.mx\/index.php?rest_route=%2Fwp%2Fv2%2Fmedia&parent=7511"}],"wp:term":[{"taxonomy":"category","embeddable":true,"href":"https:\/\/encuentroinformativo.com.mx\/index.php?rest_route=%2Fwp%2Fv2%2Fcategories&post=7511"},{"taxonomy":"post_tag","embeddable":true,"href":"https:\/\/encuentroinformativo.com.mx\/index.php?rest_route=%2Fwp%2Fv2%2Ftags&post=7511"}],"curies":[{"name":"wp","href":"https:\/\/api.w.org\/{rel}","templated":true}]}}